{"id":4657,"date":"2022-03-30T18:16:11","date_gmt":"2022-03-30T16:16:11","guid":{"rendered":"http:\/\/www.tenis-krka.org\/?p=4657"},"modified":"2022-03-30T18:17:42","modified_gmt":"2022-03-30T16:17:42","slug":"16-srecanje-krkinih-sponzorirancev","status":"publish","type":"post","link":"http:\/\/www.tenis-krka.org\/?p=4657","title":{"rendered":"16. Sre\u010danje Krkinih sponzorirancev"},"content":{"rendered":"<p>V torek 29. 3. 2022 je potekalo \u017ee 16. Sre\u010danje Krkinih sponzorirancev &#8211; sre\u010danju predstavnikov \u0161portnih in drugih klubov, dru\u0161tev in ustanov, katerih pokroviteljica je Krka, tovarna zdravil iz Novega mesta, ki so se ga udele\u017eili tudi \u010dlani TK Krka Oto\u010dec.<\/p>\n<p>Tudi letos so na sre\u010danju podelili priznanja Krkin talent in Krkina priznanja za dose\u017eke predlaganim \u0161portnikom. Med njimi je bil tudi Marko Retelj, ki je v lanskem letu osvojil naslov dr\u017eavnega prvaka do 14 let in zastopal Slovenijo na reprezentan\u010dnem tekmovanju v \u0160paniji.&nbsp;<\/p>\n<p>V sporo\u010dilu za javnost so v Krki zapisali:<\/p>\n<blockquote><p>&#8220;Tema leto\u0161njega sre\u010danja je bila vztrajnost, lastnost, ki pomembno prispeva k vrhunskim rezultatom tako v podjetjih kot tudi v \u0161portu in umetnosti. Iz klubov in dru\u0161tev smo prejeli utemeljene prijave z obrazlo\u017eitvami, ki govorijo o&nbsp;velikem potencialu mlade generacije. Krkina komisija za izbor talenta leta se je zato odlo\u010dila, da si vsi predlagani zaslu\u017eijo priznanja za uspe\u0161nost na tekmovanjih, za spodbujanje k sodelovanju, po\u0161teni igri, zdravi tekmovalnosti, spo\u0161tovanju, strpnosti in za dejavno predstavljanje sponzorja.&#8221;&nbsp;<\/p><\/blockquote>\nngg_shortcode_0_placeholder\n","protected":false},"excerpt":{"rendered":"<p>V torek 29. 3. 2022 je potekalo \u017ee 16. Sre\u010danje Krkinih sponzorirancev &#8211; sre\u010danju predstavnikov \u0161portnih in drugih klubov, dru\u0161tev in ustanov, katerih pokroviteljica je Krka, tovarna zdravil iz Novega mesta, ki so se ga udele\u017eili tudi \u010dlani TK Krka Oto\u010dec. Tudi letos so na sre\u010danju podelili priznanja Krkin talent in Krkina priznanja za dose\u017eke [&hellip;]<\/p>\n","protected":false},"author":1,"featured_media":4658,"comment_status":"closed","ping_status":"closed","sticky":false,"template":"","format":"standard","meta":{"ngg_post_thumbnail":0,"footnotes":""},"categories":[4,49],"tags":[],"class_list":["post-4657","post","type-post","status-publish","format-standard","has-post-thumbnail","hentry","category-dog","category-marko-retelj"],"aioseo_notices":[],"_links":{"self":[{"href":"http:\/\/www.tenis-krka.org\/index.php?rest_route=\/wp\/v2\/posts\/4657","targetHints":{"allow":["GET"]}}],"collection":[{"href":"http:\/\/www.tenis-krka.org\/index.php?rest_route=\/wp\/v2\/posts"}],"about":[{"href":"http:\/\/www.tenis-krka.org\/index.php?rest_route=\/wp\/v2\/types\/post"}],"author":[{"embeddable":true,"href":"http:\/\/www.tenis-krka.org\/index.php?rest_route=\/wp\/v2\/users\/1"}],"replies":[{"embeddable":true,"href":"http:\/\/www.tenis-krka.org\/index.php?rest_route=%2Fwp%2Fv2%2Fcomments&post=4657"}],"version-history":[{"count":4,"href":"http:\/\/www.tenis-krka.org\/index.php?rest_route=\/wp\/v2\/posts\/4657\/revisions"}],"predecessor-version":[{"id":4668,"href":"http:\/\/www.tenis-krka.org\/index.php?rest_route=\/wp\/v2\/posts\/4657\/revisions\/4668"}],"wp:featuredmedia":[{"embeddable":true,"href":"http:\/\/www.tenis-krka.org\/index.php?rest_route=\/wp\/v2\/media\/4658"}],"wp:attachment":[{"href":"http:\/\/www.tenis-krka.org\/index.php?rest_route=%2Fwp%2Fv2%2Fmedia&parent=4657"}],"wp:term":[{"taxonomy":"category","embeddable":true,"href":"http:\/\/www.tenis-krka.org\/index.php?rest_route=%2Fwp%2Fv2%2Fcategories&post=4657"},{"taxonomy":"post_tag","embeddable":true,"href":"http:\/\/www.tenis-krka.org\/index.php?rest_route=%2Fwp%2Fv2%2Ftags&post=4657"}],"curies":[{"name":"wp","href":"https:\/\/api.w.org\/{rel}","templated":true}]}}