{"id":4646,"date":"2022-03-27T15:05:35","date_gmt":"2022-03-27T13:05:35","guid":{"rendered":"http:\/\/www.tenis-krka.org\/?p=4646"},"modified":"2022-03-30T18:17:18","modified_gmt":"2022-03-30T16:17:18","slug":"dusan-hocevar-za-dolenjski-list","status":"publish","type":"post","link":"http:\/\/www.tenis-krka.org\/?p=4646","title":{"rendered":"Du\u0161an Ho\u010devar za Dolenjski List"},"content":{"rendered":"<p>V Dolenjskem Listu lahko preberete prispevek, v katerem Du\u0161an Ho\u010devar &#8211; glavni trener in gonilna sila kluba &#8211; opi\u0161e stanje med otroci po koronakrizi in kako v tem \u010dasu deluje TK Krka Oto\u010dec.<\/p>\n<p>Med drugim izpostavi mno\u017ei\u010dnost in dostopnost programov v teni\u0161kem klubu ter mo\u017enosti, ki se odprejo otrokom, ki s tenisom ukvarjajo tekmovalno ali pa rekreativno, kjer pa pomembno vlogo odigrajo predvsem izku\u0161eni in usposobljeni trenerji.<\/p>\nngg_shortcode_0_placeholder\n","protected":false},"excerpt":{"rendered":"<p>V Dolenjskem Listu lahko preberete prispevek, v katerem Du\u0161an Ho\u010devar &#8211; glavni trener in gonilna sila kluba &#8211; opi\u0161e stanje med otroci po koronakrizi in kako v tem \u010dasu deluje TK Krka Oto\u010dec. Med drugim izpostavi mno\u017ei\u010dnost in dostopnost programov v teni\u0161kem klubu ter mo\u017enosti, ki se odprejo otrokom, ki s tenisom ukvarjajo tekmovalno ali [&hellip;]<\/p>\n","protected":false},"author":1,"featured_media":4647,"comment_status":"closed","ping_status":"closed","sticky":false,"template":"","format":"standard","meta":{"ngg_post_thumbnail":0,"footnotes":""},"categories":[6,7],"tags":[],"class_list":["post-4646","post","type-post","status-publish","format-standard","has-post-thumbnail","hentry","category-rezult","category-tsola"],"aioseo_notices":[],"_links":{"self":[{"href":"http:\/\/www.tenis-krka.org\/index.php?rest_route=\/wp\/v2\/posts\/4646","targetHints":{"allow":["GET"]}}],"collection":[{"href":"http:\/\/www.tenis-krka.org\/index.php?rest_route=\/wp\/v2\/posts"}],"about":[{"href":"http:\/\/www.tenis-krka.org\/index.php?rest_route=\/wp\/v2\/types\/post"}],"author":[{"embeddable":true,"href":"http:\/\/www.tenis-krka.org\/index.php?rest_route=\/wp\/v2\/users\/1"}],"replies":[{"embeddable":true,"href":"http:\/\/www.tenis-krka.org\/index.php?rest_route=%2Fwp%2Fv2%2Fcomments&post=4646"}],"version-history":[{"count":7,"href":"http:\/\/www.tenis-krka.org\/index.php?rest_route=\/wp\/v2\/posts\/4646\/revisions"}],"predecessor-version":[{"id":4656,"href":"http:\/\/www.tenis-krka.org\/index.php?rest_route=\/wp\/v2\/posts\/4646\/revisions\/4656"}],"wp:featuredmedia":[{"embeddable":true,"href":"http:\/\/www.tenis-krka.org\/index.php?rest_route=\/wp\/v2\/media\/4647"}],"wp:attachment":[{"href":"http:\/\/www.tenis-krka.org\/index.php?rest_route=%2Fwp%2Fv2%2Fmedia&parent=4646"}],"wp:term":[{"taxonomy":"category","embeddable":true,"href":"http:\/\/www.tenis-krka.org\/index.php?rest_route=%2Fwp%2Fv2%2Fcategories&post=4646"},{"taxonomy":"post_tag","embeddable":true,"href":"http:\/\/www.tenis-krka.org\/index.php?rest_route=%2Fwp%2Fv2%2Ftags&post=4646"}],"curies":[{"name":"wp","href":"https:\/\/api.w.org\/{rel}","templated":true}]}}