{"id":4599,"date":"2022-01-24T14:19:04","date_gmt":"2022-01-24T12:19:04","guid":{"rendered":"http:\/\/www.tenis-krka.org\/?p=4599"},"modified":"2022-01-24T14:25:33","modified_gmt":"2022-01-24T12:25:33","slug":"uspesno-izpeljan-regijski-satelit","status":"publish","type":"post","link":"http:\/\/www.tenis-krka.org\/?p=4599","title":{"rendered":"Uspe\u0161no izpeljan Regijski Satelit!"},"content":{"rendered":"<p>V soboto smo na igri\u0161\u010dih TK Krka Oto\u010dec prvi\u010d izpeljali Regijski Satelit v kategorijah mini, midi in maxi tenis. Namenjen je bil otrokom iz dolenjskih klubov, ki se \u017eelijo spoznati s tekmovanji ali pa se le preizkusiti proti nasprotnikom iz drugih klubov.&nbsp;<\/p>\n<p>Skupno \u0161tevilo udele\u017eencev je bilo zaradi velikega \u0161tevila odrejenih karanten nekoliko okrnjeno, vendar so otroci vseeno med sabo odigrali veliko tekem in se pri tem zabavali, kar je bil tudi glavni cilj. Marsikateri so se preizkusili v ve\u010d kategorijah &#8211; doma\u010din Erik \u0160krbec pa kar v vseh treh.&nbsp;<\/p>\n<p>V mini in midi tenisu so prav vsi igralci dobili medalje in diplome, prav tako tudi v maxi tenisu, kjer pa je vseeno najve\u010d zmag zabele\u017eil igralec doma\u010dega kluba Ga\u0161per Toma\u017ein.<\/p>\n<p>Vsem otrokom \u010destitamo za pogum, star\u0161em pa se zahvaljujemo za udele\u017ebo.<\/p>\n<p>Upamo, da bomo v prihodnosti v sodelovanju s Teni\u0161ko zvezo Slovenija izpeljali \u0161e veliko podobnih in tako uspe\u0161nih projektov.&nbsp;<\/p>\n<p>Spodaj si lahko pogledate nekaj utrinkov iz dogodka, na <a href=\"https:\/\/www.instagram.com\/p\/CZHI9XsgvNo\/?utm_source=ig_web_copy_link\"><strong>tej povezavi<\/strong><\/a> pa je \u0161e nekaj videev.<\/p>\nngg_shortcode_0_placeholder\n","protected":false},"excerpt":{"rendered":"<p>V soboto smo na igri\u0161\u010dih TK Krka Oto\u010dec prvi\u010d izpeljali Regijski Satelit v kategorijah mini, midi in maxi tenis. Namenjen je bil otrokom iz dolenjskih klubov, ki se \u017eelijo spoznati s tekmovanji ali pa se le preizkusiti proti nasprotnikom iz drugih klubov.&nbsp; Skupno \u0161tevilo udele\u017eencev je bilo zaradi velikega \u0161tevila odrejenih karanten nekoliko okrnjeno, vendar [&hellip;]<\/p>\n","protected":false},"author":1,"featured_media":4616,"comment_status":"closed","ping_status":"closed","sticky":false,"template":"","format":"standard","meta":{"ngg_post_thumbnail":0,"footnotes":""},"categories":[4],"tags":[],"class_list":["post-4599","post","type-post","status-publish","format-standard","has-post-thumbnail","hentry","category-dog"],"aioseo_notices":[],"_links":{"self":[{"href":"http:\/\/www.tenis-krka.org\/index.php?rest_route=\/wp\/v2\/posts\/4599","targetHints":{"allow":["GET"]}}],"collection":[{"href":"http:\/\/www.tenis-krka.org\/index.php?rest_route=\/wp\/v2\/posts"}],"about":[{"href":"http:\/\/www.tenis-krka.org\/index.php?rest_route=\/wp\/v2\/types\/post"}],"author":[{"embeddable":true,"href":"http:\/\/www.tenis-krka.org\/index.php?rest_route=\/wp\/v2\/users\/1"}],"replies":[{"embeddable":true,"href":"http:\/\/www.tenis-krka.org\/index.php?rest_route=%2Fwp%2Fv2%2Fcomments&post=4599"}],"version-history":[{"count":3,"href":"http:\/\/www.tenis-krka.org\/index.php?rest_route=\/wp\/v2\/posts\/4599\/revisions"}],"predecessor-version":[{"id":4636,"href":"http:\/\/www.tenis-krka.org\/index.php?rest_route=\/wp\/v2\/posts\/4599\/revisions\/4636"}],"wp:featuredmedia":[{"embeddable":true,"href":"http:\/\/www.tenis-krka.org\/index.php?rest_route=\/wp\/v2\/media\/4616"}],"wp:attachment":[{"href":"http:\/\/www.tenis-krka.org\/index.php?rest_route=%2Fwp%2Fv2%2Fmedia&parent=4599"}],"wp:term":[{"taxonomy":"category","embeddable":true,"href":"http:\/\/www.tenis-krka.org\/index.php?rest_route=%2Fwp%2Fv2%2Fcategories&post=4599"},{"taxonomy":"post_tag","embeddable":true,"href":"http:\/\/www.tenis-krka.org\/index.php?rest_route=%2Fwp%2Fv2%2Ftags&post=4599"}],"curies":[{"name":"wp","href":"https:\/\/api.w.org\/{rel}","templated":true}]}}