{"id":4560,"date":"2021-12-11T20:25:12","date_gmt":"2021-12-11T18:25:12","guid":{"rendered":"http:\/\/www.tenis-krka.org\/?p=4560"},"modified":"2021-12-11T20:25:12","modified_gmt":"2021-12-11T18:25:12","slug":"ziva-falkner-uspesno-zakljucila-sezono","status":"publish","type":"post","link":"http:\/\/www.tenis-krka.org\/?p=4560","title":{"rendered":"\u017diva Falkner uspe\u0161no zaklju\u010dila sezono!"},"content":{"rendered":"<p>\u017diva je v novembru in v za\u010detku decembra odigrala zadnje mednarodne turnirje v leto\u0161njem letu in z njimi zaklju\u010dila leto\u0161njo sezono, ki je bila ve\u010d kot uspe\u0161na.&nbsp;<\/p>\n<p>Med 15. in 21. novembrom je nastopila na Portugalskem na turnirju za nagradnim skladom 25 000 $. Uspe\u0161no se je prebila \u010dez kvalifikacije, v prvem krogu pa je bila od nje bolj\u0161a 28-letna Ameri\u010danka Emina Bektas.<\/p>\n<p>V naslednjih dveh tednih je nadaljevala z nastopi na turnirjema z nagradnim skladom 15 000 $. Na prvem se je prebila vse do finala, kjer je bila od nje bolj\u0161a 18-letna Korejka Yeonwoo Ku. Na drugem pa jo v tesnem polfinalnem dvoboju premagala \u0160panka Celia Cervino Ruiz.<\/p>\n<p>\u017diva je v leto\u0161njem letu nanizala veliko rezultatov na profesionalnih turnirjih. Lahko se pohvali s tremi uvrstitvami v finale turnirjev W15 in tremi uvrstitvami v polfinale &#8211; med drugim tudi na turnirju W25, ki je potekal maja na Oto\u010dcu. Prav tako je v leto\u0161njem letu s povabilom organizatorja nastopila na turnirju WTA250 v Portoro\u017eu.<\/p>\n<p>Sezono je teko zaklju\u010dila med top 500 igralkami sveta.<\/p>\n<p>\u010cestitamo!<\/p>\n<div class=\"mceTemp\">&nbsp;<\/div>\nngg_shortcode_0_placeholder\n","protected":false},"excerpt":{"rendered":"<p>\u017diva je v novembru in v za\u010detku decembra odigrala zadnje mednarodne turnirje v leto\u0161njem letu in z njimi zaklju\u010dila leto\u0161njo sezono, ki je bila ve\u010d kot uspe\u0161na.&nbsp; Med 15. in 21. novembrom je nastopila na Portugalskem na turnirju za nagradnim skladom 25 000 $. Uspe\u0161no se je prebila \u010dez kvalifikacije, v prvem krogu pa je [&hellip;]<\/p>\n","protected":false},"author":1,"featured_media":4561,"comment_status":"closed","ping_status":"closed","sticky":false,"template":"","format":"standard","meta":{"ngg_post_thumbnail":0,"footnotes":""},"categories":[6,47],"tags":[],"class_list":["post-4560","post","type-post","status-publish","format-standard","has-post-thumbnail","hentry","category-rezult","category-ziva-falkner"],"aioseo_notices":[],"_links":{"self":[{"href":"http:\/\/www.tenis-krka.org\/index.php?rest_route=\/wp\/v2\/posts\/4560","targetHints":{"allow":["GET"]}}],"collection":[{"href":"http:\/\/www.tenis-krka.org\/index.php?rest_route=\/wp\/v2\/posts"}],"about":[{"href":"http:\/\/www.tenis-krka.org\/index.php?rest_route=\/wp\/v2\/types\/post"}],"author":[{"embeddable":true,"href":"http:\/\/www.tenis-krka.org\/index.php?rest_route=\/wp\/v2\/users\/1"}],"replies":[{"embeddable":true,"href":"http:\/\/www.tenis-krka.org\/index.php?rest_route=%2Fwp%2Fv2%2Fcomments&post=4560"}],"version-history":[{"count":2,"href":"http:\/\/www.tenis-krka.org\/index.php?rest_route=\/wp\/v2\/posts\/4560\/revisions"}],"predecessor-version":[{"id":4569,"href":"http:\/\/www.tenis-krka.org\/index.php?rest_route=\/wp\/v2\/posts\/4560\/revisions\/4569"}],"wp:featuredmedia":[{"embeddable":true,"href":"http:\/\/www.tenis-krka.org\/index.php?rest_route=\/wp\/v2\/media\/4561"}],"wp:attachment":[{"href":"http:\/\/www.tenis-krka.org\/index.php?rest_route=%2Fwp%2Fv2%2Fmedia&parent=4560"}],"wp:term":[{"taxonomy":"category","embeddable":true,"href":"http:\/\/www.tenis-krka.org\/index.php?rest_route=%2Fwp%2Fv2%2Fcategories&post=4560"},{"taxonomy":"post_tag","embeddable":true,"href":"http:\/\/www.tenis-krka.org\/index.php?rest_route=%2Fwp%2Fv2%2Ftags&post=4560"}],"curies":[{"name":"wp","href":"https:\/\/api.w.org\/{rel}","templated":true}]}}