{"id":4487,"date":"2021-07-15T12:27:33","date_gmt":"2021-07-15T10:27:33","guid":{"rendered":"http:\/\/www.tenis-krka.org\/?p=4487"},"modified":"2021-07-15T12:32:02","modified_gmt":"2021-07-15T10:32:02","slug":"lina-zmagovalka-turnirja-v-mini-tenisu","status":"publish","type":"post","link":"http:\/\/www.tenis-krka.org\/?p=4487","title":{"rendered":"Lina zmagovalka turnirja v mini tenisu!"},"content":{"rendered":"<p>V \u010dasu, ko so na Oto\u010dcu potekali mednarodni turnirji, so ostali tekmovalci iz kluba nastopali na drugih turnirjih po Sloveniji. V za\u010detku meseca julija je v Velenju potekal turnir 8-11 let, ki se ga je udele\u017eila tudi na\u0161a Lina Sarhatli\u010d.&nbsp;<\/p>\n<p>Tekmovala je v kategoriji mini tenis in zopet osvojila prvo mesto!&nbsp;<\/p>\n<p>\u010cestitke!<\/p>\nngg_shortcode_0_placeholder\n","protected":false},"excerpt":{"rendered":"<p>V \u010dasu, ko so na Oto\u010dcu potekali mednarodni turnirji, so ostali tekmovalci iz kluba nastopali na drugih turnirjih po Sloveniji. V za\u010detku meseca julija je v Velenju potekal turnir 8-11 let, ki se ga je udele\u017eila tudi na\u0161a Lina Sarhatli\u010d.&nbsp; Tekmovala je v kategoriji mini tenis in zopet osvojila prvo mesto!&nbsp; \u010cestitke! &nbsp;<\/p>\n","protected":false},"author":1,"featured_media":4488,"comment_status":"closed","ping_status":"closed","sticky":false,"template":"","format":"standard","meta":{"ngg_post_thumbnail":0,"footnotes":""},"categories":[6,7],"tags":[],"class_list":["post-4487","post","type-post","status-publish","format-standard","has-post-thumbnail","hentry","category-rezult","category-tsola"],"aioseo_notices":[],"_links":{"self":[{"href":"http:\/\/www.tenis-krka.org\/index.php?rest_route=\/wp\/v2\/posts\/4487","targetHints":{"allow":["GET"]}}],"collection":[{"href":"http:\/\/www.tenis-krka.org\/index.php?rest_route=\/wp\/v2\/posts"}],"about":[{"href":"http:\/\/www.tenis-krka.org\/index.php?rest_route=\/wp\/v2\/types\/post"}],"author":[{"embeddable":true,"href":"http:\/\/www.tenis-krka.org\/index.php?rest_route=\/wp\/v2\/users\/1"}],"replies":[{"embeddable":true,"href":"http:\/\/www.tenis-krka.org\/index.php?rest_route=%2Fwp%2Fv2%2Fcomments&post=4487"}],"version-history":[{"count":3,"href":"http:\/\/www.tenis-krka.org\/index.php?rest_route=\/wp\/v2\/posts\/4487\/revisions"}],"predecessor-version":[{"id":4495,"href":"http:\/\/www.tenis-krka.org\/index.php?rest_route=\/wp\/v2\/posts\/4487\/revisions\/4495"}],"wp:featuredmedia":[{"embeddable":true,"href":"http:\/\/www.tenis-krka.org\/index.php?rest_route=\/wp\/v2\/media\/4488"}],"wp:attachment":[{"href":"http:\/\/www.tenis-krka.org\/index.php?rest_route=%2Fwp%2Fv2%2Fmedia&parent=4487"}],"wp:term":[{"taxonomy":"category","embeddable":true,"href":"http:\/\/www.tenis-krka.org\/index.php?rest_route=%2Fwp%2Fv2%2Fcategories&post=4487"},{"taxonomy":"post_tag","embeddable":true,"href":"http:\/\/www.tenis-krka.org\/index.php?rest_route=%2Fwp%2Fv2%2Ftags&post=4487"}],"curies":[{"name":"wp","href":"https:\/\/api.w.org\/{rel}","templated":true}]}}