{"id":4457,"date":"2021-07-03T16:01:47","date_gmt":"2021-07-03T14:01:47","guid":{"rendered":"http:\/\/www.tenis-krka.org\/?p=4457"},"modified":"2021-07-03T16:05:25","modified_gmt":"2021-07-03T14:05:25","slug":"4457","status":"publish","type":"post","link":"http:\/\/www.tenis-krka.org\/?p=4457","title":{"rendered":"Konec turnirja Krka Open U12 2021"},"content":{"rendered":"<p>Pretekli teden je na igri\u0161\u010dih TK Krka Oto\u010dec potekal mednarodni turnir do 12 let. Udele\u017eilo se ga je lepo \u0161tevilo igralcev, ki so v Slovenijo prispeli predvsem iz bli\u017enjih dr\u017eav &#8211; najve\u010d jih je bilo iz Slovenije in Hrva\u0161ke, nekaj pa tudi iz Francije, Nem\u010dije, \u010crne gore in celo Belorusije.&nbsp;<\/p>\n<p>Turnir smo pri\u010deli v nedeljo 27.6. s kvalifikacijami za de\u010dke. Glavni turnir se je za\u010del v ponedeljek in je potekal po sistemu Round Robin &#8211; v play off se je uvrstil vsak najbolj\u0161i iz skupine.<\/p>\n<p>V finale turnirja pri de\u010dkih sta se na koncu uvrstila Vuk Krstajic (MNE) in slovenski predstavnik Nejc \u0160u\u0161tar\u0161i\u010d Kalin. Na koncu je bil bolj\u0161i Vuk z rezultatom 62 61.<\/p>\n<p>Pri deklicah sta v finalu nastopili 11-letna Anna Pircher (AUT), ki je bila z rezultatom 64 61 bolj\u0161a od slovenske tekmovalke Vertise Yaneva.<\/p>\n<p>V finalu dvojic pri fantih in dekletih so nastopili kar trije pari iz Hrva\u0161ke in en par iz Slovenije &#8211; pri fantih sta na koncu z rezultatom 64 60 slavila Ivan Dumbovic in Dario Zorica, pri dekletih pa slovenski igralki Vertisa Yaneva in Luisa Fusil.<\/p>\nngg_shortcode_0_placeholder\n","protected":false},"excerpt":{"rendered":"<p>Pretekli teden je na igri\u0161\u010dih TK Krka Oto\u010dec potekal mednarodni turnir do 12 let. Udele\u017eilo se ga je lepo \u0161tevilo igralcev, ki so v Slovenijo prispeli predvsem iz bli\u017enjih dr\u017eav &#8211; najve\u010d jih je bilo iz Slovenije in Hrva\u0161ke, nekaj pa tudi iz Francije, Nem\u010dije, \u010crne gore in celo Belorusije.&nbsp; Turnir smo pri\u010deli v nedeljo [&hellip;]<\/p>\n","protected":false},"author":1,"featured_media":4458,"comment_status":"closed","ping_status":"closed","sticky":false,"template":"","format":"standard","meta":{"ngg_post_thumbnail":0,"footnotes":""},"categories":[54,56],"tags":[],"class_list":["post-4457","post","type-post","status-publish","format-standard","has-post-thumbnail","hentry","category-krka-open-u12-2021","category-krka-open-u12-and-u14-2021"],"aioseo_notices":[],"_links":{"self":[{"href":"http:\/\/www.tenis-krka.org\/index.php?rest_route=\/wp\/v2\/posts\/4457","targetHints":{"allow":["GET"]}}],"collection":[{"href":"http:\/\/www.tenis-krka.org\/index.php?rest_route=\/wp\/v2\/posts"}],"about":[{"href":"http:\/\/www.tenis-krka.org\/index.php?rest_route=\/wp\/v2\/types\/post"}],"author":[{"embeddable":true,"href":"http:\/\/www.tenis-krka.org\/index.php?rest_route=\/wp\/v2\/users\/1"}],"replies":[{"embeddable":true,"href":"http:\/\/www.tenis-krka.org\/index.php?rest_route=%2Fwp%2Fv2%2Fcomments&post=4457"}],"version-history":[{"count":4,"href":"http:\/\/www.tenis-krka.org\/index.php?rest_route=\/wp\/v2\/posts\/4457\/revisions"}],"predecessor-version":[{"id":4940,"href":"http:\/\/www.tenis-krka.org\/index.php?rest_route=\/wp\/v2\/posts\/4457\/revisions\/4940"}],"wp:featuredmedia":[{"embeddable":true,"href":"http:\/\/www.tenis-krka.org\/index.php?rest_route=\/wp\/v2\/media\/4458"}],"wp:attachment":[{"href":"http:\/\/www.tenis-krka.org\/index.php?rest_route=%2Fwp%2Fv2%2Fmedia&parent=4457"}],"wp:term":[{"taxonomy":"category","embeddable":true,"href":"http:\/\/www.tenis-krka.org\/index.php?rest_route=%2Fwp%2Fv2%2Fcategories&post=4457"},{"taxonomy":"post_tag","embeddable":true,"href":"http:\/\/www.tenis-krka.org\/index.php?rest_route=%2Fwp%2Fv2%2Ftags&post=4457"}],"curies":[{"name":"wp","href":"https:\/\/api.w.org\/{rel}","templated":true}]}}