{"id":4293,"date":"2021-05-03T16:12:20","date_gmt":"2021-05-03T14:12:20","guid":{"rendered":"http:\/\/www.tenis-krka.org\/?p=4293"},"modified":"2021-05-03T16:12:20","modified_gmt":"2021-05-03T14:12:20","slug":"ziva-falkner-zakljucila-z-nastopi-v-turciji","status":"publish","type":"post","link":"http:\/\/www.tenis-krka.org\/?p=4293","title":{"rendered":"\u017diva Falkner zaklju\u010dila z nastopi v Tur\u010diji"},"content":{"rendered":"<p>\u017diva Falkner je zaklju\u010dila je izjemno uspe\u0161no serijo \u0161estih profesionalnih turnirjev z nagradnim skladom 15 000 $ v tur\u0161kem mestu Antalya. Na njih je zabele\u017eila tri uvrstitve v \u010detrtfinale in eno v polfinale turnirja.&nbsp;<\/p>\n<p>Na zadnjih dveh turnirjih se je spopadla tudi z dvema slovenskima igralkama, s katerima se je pomerila na lanskem profesionalnem turnirju na Oto\u010dcu.<\/p>\n<p>Na predzadnjem turnirju je tako \u017ee drugi\u010d ugnala lansko finalistko Krka Open turnirja Tino Cvetkovi\u010d s tesnim rezultatom 76(3) 75. Na zadnjem turnirju pa je najprej v prvem krogu ugnala 19. mladinko sveta Matildo Mutavdzic z rezultatom 75 61, v drugem krogu pa 5 let starej\u0161o Manco Pislak z rezultatom 64 63.<\/p>\n<p>Bravo \u017diva!<\/p>\n<div id=\"attachment_4294\" style=\"width: 310px\" class=\"wp-caption alignnone\"><a href=\"http:\/\/www.tenis-krka.org\/wp-content\/uploads\/2021\/05\/Screenshot_20210503-161042_Instagram.jpg\"><img loading=\"lazy\" decoding=\"async\" aria-describedby=\"caption-attachment-4294\" class=\"size-medium wp-image-4294\" src=\"http:\/\/www.tenis-krka.org\/wp-content\/uploads\/2021\/05\/Screenshot_20210503-161042_Instagram-300x231.jpg\" alt=\"Gordan in \u017diva\" width=\"300\" height=\"231\" srcset=\"http:\/\/www.tenis-krka.org\/wp-content\/uploads\/2021\/05\/Screenshot_20210503-161042_Instagram-300x231.jpg 300w, http:\/\/www.tenis-krka.org\/wp-content\/uploads\/2021\/05\/Screenshot_20210503-161042_Instagram-1024x787.jpg 1024w, http:\/\/www.tenis-krka.org\/wp-content\/uploads\/2021\/05\/Screenshot_20210503-161042_Instagram-768x591.jpg 768w, http:\/\/www.tenis-krka.org\/wp-content\/uploads\/2021\/05\/Screenshot_20210503-161042_Instagram.jpg 1078w\" sizes=\"auto, (max-width: 300px) 100vw, 300px\" \/><\/a><p id=\"caption-attachment-4294\" class=\"wp-caption-text\">Gordan in \u017diva<\/p><\/div>\n","protected":false},"excerpt":{"rendered":"<p>\u017diva Falkner je zaklju\u010dila je izjemno uspe\u0161no serijo \u0161estih profesionalnih turnirjev z nagradnim skladom 15 000 $ v tur\u0161kem mestu Antalya. Na njih je zabele\u017eila tri uvrstitve v \u010detrtfinale in eno v polfinale turnirja.&nbsp; Na zadnjih dveh turnirjih se je spopadla tudi z dvema slovenskima igralkama, s katerima se je pomerila na lanskem profesionalnem turnirju [&hellip;]<\/p>\n","protected":false},"author":1,"featured_media":4294,"comment_status":"closed","ping_status":"closed","sticky":false,"template":"","format":"standard","meta":{"ngg_post_thumbnail":0,"footnotes":""},"categories":[47],"tags":[],"class_list":["post-4293","post","type-post","status-publish","format-standard","has-post-thumbnail","hentry","category-ziva-falkner"],"aioseo_notices":[],"_links":{"self":[{"href":"http:\/\/www.tenis-krka.org\/index.php?rest_route=\/wp\/v2\/posts\/4293","targetHints":{"allow":["GET"]}}],"collection":[{"href":"http:\/\/www.tenis-krka.org\/index.php?rest_route=\/wp\/v2\/posts"}],"about":[{"href":"http:\/\/www.tenis-krka.org\/index.php?rest_route=\/wp\/v2\/types\/post"}],"author":[{"embeddable":true,"href":"http:\/\/www.tenis-krka.org\/index.php?rest_route=\/wp\/v2\/users\/1"}],"replies":[{"embeddable":true,"href":"http:\/\/www.tenis-krka.org\/index.php?rest_route=%2Fwp%2Fv2%2Fcomments&post=4293"}],"version-history":[{"count":1,"href":"http:\/\/www.tenis-krka.org\/index.php?rest_route=\/wp\/v2\/posts\/4293\/revisions"}],"predecessor-version":[{"id":4295,"href":"http:\/\/www.tenis-krka.org\/index.php?rest_route=\/wp\/v2\/posts\/4293\/revisions\/4295"}],"wp:featuredmedia":[{"embeddable":true,"href":"http:\/\/www.tenis-krka.org\/index.php?rest_route=\/wp\/v2\/media\/4294"}],"wp:attachment":[{"href":"http:\/\/www.tenis-krka.org\/index.php?rest_route=%2Fwp%2Fv2%2Fmedia&parent=4293"}],"wp:term":[{"taxonomy":"category","embeddable":true,"href":"http:\/\/www.tenis-krka.org\/index.php?rest_route=%2Fwp%2Fv2%2Fcategories&post=4293"},{"taxonomy":"post_tag","embeddable":true,"href":"http:\/\/www.tenis-krka.org\/index.php?rest_route=%2Fwp%2Fv2%2Ftags&post=4293"}],"curies":[{"name":"wp","href":"https:\/\/api.w.org\/{rel}","templated":true}]}}