{"id":4239,"date":"2021-04-22T12:53:11","date_gmt":"2021-04-22T10:53:11","guid":{"rendered":"http:\/\/www.tenis-krka.org\/?p=4239"},"modified":"2021-04-22T12:53:33","modified_gmt":"2021-04-22T10:53:33","slug":"marko-retelj-prejemnik-krkinega-priznanja-za-dosezke-v-letu-2020","status":"publish","type":"post","link":"http:\/\/www.tenis-krka.org\/?p=4239","title":{"rendered":"Marko Retelj &#8211; prejemnik Krkinega priznanja za dose\u017eke v letu 2020"},"content":{"rendered":"<p>V leto\u0161njem letu je potekalo \u017ee 15. sre\u010danje Krkinih sponzorirancev, katerega se vsako leto udele\u017ei tudi Teni\u0161ki klub Krka Oto\u010dec.&nbsp;<\/p>\n<p>Na leto\u0161njem sre\u010danju so \u0161tevilne \u0161portnike nagradili ali z nazivom Krkin talent leta ali s Krkinim priznanjem za dose\u017eke v letu 2020. Med prejemniki priznanj je bil tudi Marko Retelj, ki se je v letu 2020 lahko pohvalil z naslovom dr\u017eavnega prvaka do 14 let v dvojicah.<\/p>\n<p>\u010cestitke!&nbsp;<\/p>\n<div id=\"attachment_4240\" style=\"width: 310px\" class=\"wp-caption alignnone\"><a href=\"http:\/\/www.tenis-krka.org\/wp-content\/uploads\/2021\/04\/KRKA-SPONZORIRANCI-30-3-2021-55-scaled.jpg\"><img loading=\"lazy\" decoding=\"async\" aria-describedby=\"caption-attachment-4240\" class=\"size-medium wp-image-4240\" src=\"http:\/\/www.tenis-krka.org\/wp-content\/uploads\/2021\/04\/KRKA-SPONZORIRANCI-30-3-2021-55-300x200.jpg\" alt=\"Marko Retelj - prejemnik Krkinega priznanja\" width=\"300\" height=\"200\" srcset=\"http:\/\/www.tenis-krka.org\/wp-content\/uploads\/2021\/04\/KRKA-SPONZORIRANCI-30-3-2021-55-300x200.jpg 300w, http:\/\/www.tenis-krka.org\/wp-content\/uploads\/2021\/04\/KRKA-SPONZORIRANCI-30-3-2021-55-1024x684.jpg 1024w, http:\/\/www.tenis-krka.org\/wp-content\/uploads\/2021\/04\/KRKA-SPONZORIRANCI-30-3-2021-55-768x513.jpg 768w, http:\/\/www.tenis-krka.org\/wp-content\/uploads\/2021\/04\/KRKA-SPONZORIRANCI-30-3-2021-55-1536x1027.jpg 1536w, http:\/\/www.tenis-krka.org\/wp-content\/uploads\/2021\/04\/KRKA-SPONZORIRANCI-30-3-2021-55-2048x1369.jpg 2048w\" sizes=\"auto, (max-width: 300px) 100vw, 300px\" \/><\/a><p id=\"caption-attachment-4240\" class=\"wp-caption-text\">Marko Retelj &#8211; prejemnik Krkinega priznanja<\/p><\/div>\n","protected":false},"excerpt":{"rendered":"<p>V leto\u0161njem letu je potekalo \u017ee 15. sre\u010danje Krkinih sponzorirancev, katerega se vsako leto udele\u017ei tudi Teni\u0161ki klub Krka Oto\u010dec.&nbsp; Na leto\u0161njem sre\u010danju so \u0161tevilne \u0161portnike nagradili ali z nazivom Krkin talent leta ali s Krkinim priznanjem za dose\u017eke v letu 2020. Med prejemniki priznanj je bil tudi Marko Retelj, ki se je v letu [&hellip;]<\/p>\n","protected":false},"author":1,"featured_media":4240,"comment_status":"closed","ping_status":"closed","sticky":false,"template":"","format":"standard","meta":{"ngg_post_thumbnail":0,"footnotes":""},"categories":[49],"tags":[],"class_list":["post-4239","post","type-post","status-publish","format-standard","has-post-thumbnail","hentry","category-marko-retelj"],"aioseo_notices":[],"_links":{"self":[{"href":"http:\/\/www.tenis-krka.org\/index.php?rest_route=\/wp\/v2\/posts\/4239","targetHints":{"allow":["GET"]}}],"collection":[{"href":"http:\/\/www.tenis-krka.org\/index.php?rest_route=\/wp\/v2\/posts"}],"about":[{"href":"http:\/\/www.tenis-krka.org\/index.php?rest_route=\/wp\/v2\/types\/post"}],"author":[{"embeddable":true,"href":"http:\/\/www.tenis-krka.org\/index.php?rest_route=\/wp\/v2\/users\/1"}],"replies":[{"embeddable":true,"href":"http:\/\/www.tenis-krka.org\/index.php?rest_route=%2Fwp%2Fv2%2Fcomments&post=4239"}],"version-history":[{"count":1,"href":"http:\/\/www.tenis-krka.org\/index.php?rest_route=\/wp\/v2\/posts\/4239\/revisions"}],"predecessor-version":[{"id":4241,"href":"http:\/\/www.tenis-krka.org\/index.php?rest_route=\/wp\/v2\/posts\/4239\/revisions\/4241"}],"wp:featuredmedia":[{"embeddable":true,"href":"http:\/\/www.tenis-krka.org\/index.php?rest_route=\/wp\/v2\/media\/4240"}],"wp:attachment":[{"href":"http:\/\/www.tenis-krka.org\/index.php?rest_route=%2Fwp%2Fv2%2Fmedia&parent=4239"}],"wp:term":[{"taxonomy":"category","embeddable":true,"href":"http:\/\/www.tenis-krka.org\/index.php?rest_route=%2Fwp%2Fv2%2Fcategories&post=4239"},{"taxonomy":"post_tag","embeddable":true,"href":"http:\/\/www.tenis-krka.org\/index.php?rest_route=%2Fwp%2Fv2%2Ftags&post=4239"}],"curies":[{"name":"wp","href":"https:\/\/api.w.org\/{rel}","templated":true}]}}