{"id":4235,"date":"2021-04-18T19:39:13","date_gmt":"2021-04-18T17:39:13","guid":{"rendered":"http:\/\/www.tenis-krka.org\/?p=4235"},"modified":"2021-04-18T19:39:13","modified_gmt":"2021-04-18T17:39:13","slug":"ziva-falkner-nadaljuje-z-nastopi-v-turciji","status":"publish","type":"post","link":"http:\/\/www.tenis-krka.org\/?p=4235","title":{"rendered":"\u017diva Falkner nadaljuje z nastopi v Tur\u010diji"},"content":{"rendered":"<p>\u017diva Falkner se je 15. marca podala v mesto Antalya v Tur\u010diji, kjer je do zdaj nastopila \u017ee na \u0161tirih profesionalnih turnirjih, serijo pa bo v prihodnjih tednih \u0161e nadaljevala.<\/p>\n<p>\u017diva je na dveh turnirjih z nastopi zaklju\u010dila \u017ee v kvalifikacijah, na dveh izmed turnirjev pa je nastopila na posebnem &#8220;wild card&#8221; turnirju, kjer se je ve\u010d mo\u010dnih igralk borilo za mesto v glavnem delu turnirja. \u017diva je na obeh turnirjih nastopila suvereno in ju osvojila ter si tako priborila nastop v glavnem delu turnirja.&nbsp;<\/p>\n<p>Na obeh turnirjih je priborjeni wild card potrdila z uvrstitvijo v \u010detrtfinale. Posebej je potrebno poudariti njen uspeh na drugem turnirju, ki je potekal od 22.3. do 28.3. \u017de v prvem krogu se je pomerila s prvo nosilko turnirja Na-Lae Han (Koreja), 216. igralko sveta, in jo premagala z rezultatom 46 62 63! V \u010detrfinalu ji je na\u010drte prekri\u017eala 28-letna Romunka in kasnej\u0161a zmagovalka turnirja Christina Dinu, ki je \u017divo premagala z rezultatom 64 61.&nbsp;<\/p>\n<p>Bravo \u017diva in dr\u017eimo pesti za nadaljne turnirje!<\/p>\n<div id=\"attachment_4064\" style=\"width: 310px\" class=\"wp-caption alignnone\"><a href=\"http:\/\/www.tenis-krka.org\/wp-content\/uploads\/2020\/09\/IMG_5978-scaled.jpg\"><img loading=\"lazy\" decoding=\"async\" aria-describedby=\"caption-attachment-4064\" class=\"size-medium wp-image-4064\" src=\"http:\/\/www.tenis-krka.org\/wp-content\/uploads\/2020\/09\/IMG_5978-300x200.jpg\" alt=\"\u017diva Falkner. Foto: Rok Nose, Dolenjski list\" width=\"300\" height=\"200\" srcset=\"http:\/\/www.tenis-krka.org\/wp-content\/uploads\/2020\/09\/IMG_5978-300x200.jpg 300w, http:\/\/www.tenis-krka.org\/wp-content\/uploads\/2020\/09\/IMG_5978-1024x683.jpg 1024w, http:\/\/www.tenis-krka.org\/wp-content\/uploads\/2020\/09\/IMG_5978-768x512.jpg 768w, http:\/\/www.tenis-krka.org\/wp-content\/uploads\/2020\/09\/IMG_5978-1536x1024.jpg 1536w, http:\/\/www.tenis-krka.org\/wp-content\/uploads\/2020\/09\/IMG_5978-2048x1365.jpg 2048w\" sizes=\"auto, (max-width: 300px) 100vw, 300px\" \/><\/a><p id=\"caption-attachment-4064\" class=\"wp-caption-text\">\u017diva Falkner. Foto: Rok Nose, Dolenjski list<\/p><\/div>\n","protected":false},"excerpt":{"rendered":"<p>\u017diva Falkner se je 15. marca podala v mesto Antalya v Tur\u010diji, kjer je do zdaj nastopila \u017ee na \u0161tirih profesionalnih turnirjih, serijo pa bo v prihodnjih tednih \u0161e nadaljevala. \u017diva je na dveh turnirjih z nastopi zaklju\u010dila \u017ee v kvalifikacijah, na dveh izmed turnirjev pa je nastopila na posebnem &#8220;wild card&#8221; turnirju, kjer se [&hellip;]<\/p>\n","protected":false},"author":1,"featured_media":4064,"comment_status":"closed","ping_status":"closed","sticky":false,"template":"","format":"standard","meta":{"ngg_post_thumbnail":0,"footnotes":""},"categories":[6,47],"tags":[],"class_list":["post-4235","post","type-post","status-publish","format-standard","has-post-thumbnail","hentry","category-rezult","category-ziva-falkner"],"aioseo_notices":[],"_links":{"self":[{"href":"http:\/\/www.tenis-krka.org\/index.php?rest_route=\/wp\/v2\/posts\/4235","targetHints":{"allow":["GET"]}}],"collection":[{"href":"http:\/\/www.tenis-krka.org\/index.php?rest_route=\/wp\/v2\/posts"}],"about":[{"href":"http:\/\/www.tenis-krka.org\/index.php?rest_route=\/wp\/v2\/types\/post"}],"author":[{"embeddable":true,"href":"http:\/\/www.tenis-krka.org\/index.php?rest_route=\/wp\/v2\/users\/1"}],"replies":[{"embeddable":true,"href":"http:\/\/www.tenis-krka.org\/index.php?rest_route=%2Fwp%2Fv2%2Fcomments&post=4235"}],"version-history":[{"count":1,"href":"http:\/\/www.tenis-krka.org\/index.php?rest_route=\/wp\/v2\/posts\/4235\/revisions"}],"predecessor-version":[{"id":4236,"href":"http:\/\/www.tenis-krka.org\/index.php?rest_route=\/wp\/v2\/posts\/4235\/revisions\/4236"}],"wp:featuredmedia":[{"embeddable":true,"href":"http:\/\/www.tenis-krka.org\/index.php?rest_route=\/wp\/v2\/media\/4064"}],"wp:attachment":[{"href":"http:\/\/www.tenis-krka.org\/index.php?rest_route=%2Fwp%2Fv2%2Fmedia&parent=4235"}],"wp:term":[{"taxonomy":"category","embeddable":true,"href":"http:\/\/www.tenis-krka.org\/index.php?rest_route=%2Fwp%2Fv2%2Fcategories&post=4235"},{"taxonomy":"post_tag","embeddable":true,"href":"http:\/\/www.tenis-krka.org\/index.php?rest_route=%2Fwp%2Fv2%2Ftags&post=4235"}],"curies":[{"name":"wp","href":"https:\/\/api.w.org\/{rel}","templated":true}]}}