{"id":4227,"date":"2021-03-26T22:00:21","date_gmt":"2021-03-26T20:00:21","guid":{"rendered":"http:\/\/www.tenis-krka.org\/?p=4227"},"modified":"2021-03-26T22:00:21","modified_gmt":"2021-03-26T20:00:21","slug":"marko-retelj-drzavni-prvak-do-14-let","status":"publish","type":"post","link":"http:\/\/www.tenis-krka.org\/?p=4227","title":{"rendered":"Marko Retelj &#8211; dr\u017eavni prvak do 14 let!"},"content":{"rendered":"<p>V preteklem tednu je v Medvodah potekalo zimsko dr\u017eavno prvenstvo do 14 let. Na njem je kot osmo postavljeni nastopil tudi Marko Retelj.<\/p>\n<p>Marko je vse do finala nastopal suvereno in brez presene\u010denj &#8211; v \u0161tirih tekmah je izgubil le dvanajst iger. Najbolj se mu je uspel pribli\u017eati le Hribar Matic, s katerim je Marko na preteklih turnirjih odigral \u017ee veliko izena\u010denih tekem, tokrat pa ga je premagal s prepri\u010dljivim rezultatom 64 62.<\/p>\n<p>V finalu se je Marko pomeril s 5. nosilcem Maksimom Despotovi\u0107em (TABRE). V prvem setu je bil nasprotnik bolj\u0161i z rezultatom 62, potem pa je Marko prestavil v vi\u0161jo prestavo in slavil z rezultatom 26 63 63 ter tako <strong>osvojil naslov dr\u017eavnega prvaka do 14 let!<\/strong><\/p>\n<p>\u010cestitke Marko in ekipa!<\/p>\n<div id=\"attachment_4231\" style=\"width: 310px\" class=\"wp-caption alignnone\"><a href=\"http:\/\/www.tenis-krka.org\/wp-content\/uploads\/2021\/03\/IMG-a0b68083bc37adb3c3124b6ffb3bc70a-V001.jpg\"><img loading=\"lazy\" decoding=\"async\" aria-describedby=\"caption-attachment-4231\" class=\"size-medium wp-image-4231\" src=\"http:\/\/www.tenis-krka.org\/wp-content\/uploads\/2021\/03\/IMG-a0b68083bc37adb3c3124b6ffb3bc70a-V001-300x225.jpg\" alt=\"\" width=\"300\" height=\"225\" srcset=\"http:\/\/www.tenis-krka.org\/wp-content\/uploads\/2021\/03\/IMG-a0b68083bc37adb3c3124b6ffb3bc70a-V001-300x225.jpg 300w, http:\/\/www.tenis-krka.org\/wp-content\/uploads\/2021\/03\/IMG-a0b68083bc37adb3c3124b6ffb3bc70a-V001-1024x768.jpg 1024w, http:\/\/www.tenis-krka.org\/wp-content\/uploads\/2021\/03\/IMG-a0b68083bc37adb3c3124b6ffb3bc70a-V001-768x576.jpg 768w, http:\/\/www.tenis-krka.org\/wp-content\/uploads\/2021\/03\/IMG-a0b68083bc37adb3c3124b6ffb3bc70a-V001-1536x1152.jpg 1536w, http:\/\/www.tenis-krka.org\/wp-content\/uploads\/2021\/03\/IMG-a0b68083bc37adb3c3124b6ffb3bc70a-V001.jpg 1600w\" sizes=\"auto, (max-width: 300px) 100vw, 300px\" \/><\/a><p id=\"caption-attachment-4231\" class=\"wp-caption-text\">Marko &#8211; dr\u017eavni prvak!<\/p><\/div>\n","protected":false},"excerpt":{"rendered":"<p>V preteklem tednu je v Medvodah potekalo zimsko dr\u017eavno prvenstvo do 14 let. Na njem je kot osmo postavljeni nastopil tudi Marko Retelj. Marko je vse do finala nastopal suvereno in brez presene\u010denj &#8211; v \u0161tirih tekmah je izgubil le dvanajst iger. Najbolj se mu je uspel pribli\u017eati le Hribar Matic, s katerim je Marko [&hellip;]<\/p>\n","protected":false},"author":1,"featured_media":4231,"comment_status":"closed","ping_status":"closed","sticky":false,"template":"","format":"standard","meta":{"ngg_post_thumbnail":0,"footnotes":""},"categories":[49,6],"tags":[],"class_list":["post-4227","post","type-post","status-publish","format-standard","has-post-thumbnail","hentry","category-marko-retelj","category-rezult"],"aioseo_notices":[],"_links":{"self":[{"href":"http:\/\/www.tenis-krka.org\/index.php?rest_route=\/wp\/v2\/posts\/4227","targetHints":{"allow":["GET"]}}],"collection":[{"href":"http:\/\/www.tenis-krka.org\/index.php?rest_route=\/wp\/v2\/posts"}],"about":[{"href":"http:\/\/www.tenis-krka.org\/index.php?rest_route=\/wp\/v2\/types\/post"}],"author":[{"embeddable":true,"href":"http:\/\/www.tenis-krka.org\/index.php?rest_route=\/wp\/v2\/users\/1"}],"replies":[{"embeddable":true,"href":"http:\/\/www.tenis-krka.org\/index.php?rest_route=%2Fwp%2Fv2%2Fcomments&post=4227"}],"version-history":[{"count":3,"href":"http:\/\/www.tenis-krka.org\/index.php?rest_route=\/wp\/v2\/posts\/4227\/revisions"}],"predecessor-version":[{"id":4233,"href":"http:\/\/www.tenis-krka.org\/index.php?rest_route=\/wp\/v2\/posts\/4227\/revisions\/4233"}],"wp:featuredmedia":[{"embeddable":true,"href":"http:\/\/www.tenis-krka.org\/index.php?rest_route=\/wp\/v2\/media\/4231"}],"wp:attachment":[{"href":"http:\/\/www.tenis-krka.org\/index.php?rest_route=%2Fwp%2Fv2%2Fmedia&parent=4227"}],"wp:term":[{"taxonomy":"category","embeddable":true,"href":"http:\/\/www.tenis-krka.org\/index.php?rest_route=%2Fwp%2Fv2%2Fcategories&post=4227"},{"taxonomy":"post_tag","embeddable":true,"href":"http:\/\/www.tenis-krka.org\/index.php?rest_route=%2Fwp%2Fv2%2Ftags&post=4227"}],"curies":[{"name":"wp","href":"https:\/\/api.w.org\/{rel}","templated":true}]}}