{"id":4216,"date":"2021-03-11T16:07:42","date_gmt":"2021-03-11T14:07:42","guid":{"rendered":"http:\/\/www.tenis-krka.org\/?p=4216"},"modified":"2021-04-18T19:41:53","modified_gmt":"2021-04-18T17:41:53","slug":"ziva-falkner-sportnica-leta-2020","status":"publish","type":"post","link":"http:\/\/www.tenis-krka.org\/?p=4216","title":{"rendered":"\u017diva Falkner \u0160portnica leta 2020!"},"content":{"rendered":"<p>V sredo 10. 3. je potekala prireditev \u0160portnik leta 2020 v MO Novo mesto. Za naslov \u0160portnice leta se je potegovala tudi \u017diva Falkner, ki se je v letu 2020, kljub \u0161tevilnim omejitvam in odpadlim turnirjem, izkazala kot izjemno uspe\u0161na. Naslov si je prislu\u017eila predvsem s svojim nastopom na Odprtem prvenstvu Avstralije, kjer je osvojila 2. mesto v konkurenci dvojic, ter z osvojitvijo mednarodnega \u010dlanskega turnirja Krka Open 2020 z denarnim skladom $15 000.<\/p>\n<p>\u017diva je tako naslov \u0160portnice leta osvojila \u017ee drugi\u010d &#8211; prvi\u010d ga je osvojila leta 2018 in verjamemo, da ga bo s svojim trdim delom in predanostjo, ki ju vsakodnevno prikazuje, ta naslov osvojila \u0161e kdaj.<\/p>\n<p>Prav tako so na podelitvi razglasili prejemnike \u017dupanovih priznanj za posebne dose\u017eke. Med njimi je bila Nika Zupan\u010di\u010d, ki je v lanskem letu nastopila na treh slovenskih \u010dlanskih turnirjih in vse tri tudi osvojila. Med drugim, si je na njih priborila naslov dr\u017eavne \u010dlanske prvakinje.<\/p>\n<p>Iskrene \u010destitke obema!<\/p>\n<p>\u010ce si prireditve niste uspeli ogledati je na sporedu ponovitev in sicer v nedeljo, 14.3. 2021 ob 20.00 na Va\u0161em kanalu. Ogledate pa si jo lahko tudi na <strong><a href=\"https:\/\/www.vaskanal.com\/arhiv\/39-priloznostne-oddaje\/3626-sportnik-leta-2020\">povezavi<\/a><\/strong>.<\/p>\n\n\t\t<style type=\"text\/css\">\n\t\t\t#gallery-1 {\n\t\t\t\tmargin: auto;\n\t\t\t}\n\t\t\t#gallery-1 .gallery-item {\n\t\t\t\tfloat: left;\n\t\t\t\tmargin-top: 10px;\n\t\t\t\ttext-align: center;\n\t\t\t\twidth: 50%;\n\t\t\t}\n\t\t\t#gallery-1 img {\n\t\t\t\tborder: 2px solid #cfcfcf;\n\t\t\t}\n\t\t\t#gallery-1 .gallery-caption {\n\t\t\t\tmargin-left: 0;\n\t\t\t}\n\t\t\t\/* see gallery_shortcode() in wp-includes\/media.php *\/\n\t\t<\/style>\n\t\t<div id='gallery-1' class='gallery galleryid-4216 gallery-columns-2 gallery-size-medium'><dl class='gallery-item'>\n\t\t\t<dt class='gallery-icon landscape'>\n\t\t\t\t<a href='http:\/\/www.tenis-krka.org\/?attachment_id=4217'><img loading=\"lazy\" decoding=\"async\" width=\"300\" height=\"293\" src=\"http:\/\/www.tenis-krka.org\/wp-content\/uploads\/2021\/03\/sportnica-leta-2-300x293.jpg\" class=\"attachment-medium size-medium\" alt=\"\u017diva Falkner - \u0161portnica leta 2020. Foto: Zavod Novo mesto\" aria-describedby=\"gallery-1-4217\" srcset=\"http:\/\/www.tenis-krka.org\/wp-content\/uploads\/2021\/03\/sportnica-leta-2-300x293.jpg 300w, http:\/\/www.tenis-krka.org\/wp-content\/uploads\/2021\/03\/sportnica-leta-2-768x750.jpg 768w, http:\/\/www.tenis-krka.org\/wp-content\/uploads\/2021\/03\/sportnica-leta-2.jpg 960w\" sizes=\"auto, (max-width: 300px) 100vw, 300px\" \/><\/a>\n\t\t\t<\/dt>\n\t\t\t\t<dd class='wp-caption-text gallery-caption' id='gallery-1-4217'>\n\t\t\t\t\u017diva Falkner &#8211; \u0161portnica leta 2020. \n\t\t\t\t<\/dd><\/dl><dl class='gallery-item'>\n\t\t\t<dt class='gallery-icon landscape'>\n\t\t\t\t<a href='http:\/\/www.tenis-krka.org\/?attachment_id=4218'><img loading=\"lazy\" decoding=\"async\" width=\"300\" height=\"200\" src=\"http:\/\/www.tenis-krka.org\/wp-content\/uploads\/2021\/03\/sportnica-leta-300x200.jpg\" class=\"attachment-medium size-medium\" alt=\"\" aria-describedby=\"gallery-1-4218\" srcset=\"http:\/\/www.tenis-krka.org\/wp-content\/uploads\/2021\/03\/sportnica-leta-300x200.jpg 300w, http:\/\/www.tenis-krka.org\/wp-content\/uploads\/2021\/03\/sportnica-leta.jpg 700w\" sizes=\"auto, (max-width: 300px) 100vw, 300px\" \/><\/a>\n\t\t\t<\/dt>\n\t\t\t\t<dd class='wp-caption-text gallery-caption' id='gallery-1-4218'>\n\t\t\t\t\u0160portnik in \u0161portnica leta 2020. Foto: Zavod Novo mesto\n\t\t\t\t<\/dd><\/dl><br style=\"clear: both\" \/>\n\t\t<\/div>\n\n","protected":false},"excerpt":{"rendered":"<p>V sredo 10. 3. je potekala prireditev \u0160portnik leta 2020 v MO Novo mesto. Za naslov \u0160portnice leta se je potegovala tudi \u017diva Falkner, ki se je v letu 2020, kljub \u0161tevilnim omejitvam in odpadlim turnirjem, izkazala kot izjemno uspe\u0161na. Naslov si je prislu\u017eila predvsem s svojim nastopom na Odprtem prvenstvu Avstralije, kjer je osvojila [&hellip;]<\/p>\n","protected":false},"author":1,"featured_media":4217,"comment_status":"closed","ping_status":"closed","sticky":false,"template":"","format":"standard","meta":{"ngg_post_thumbnail":0,"footnotes":""},"categories":[47],"tags":[],"class_list":["post-4216","post","type-post","status-publish","format-standard","has-post-thumbnail","hentry","category-ziva-falkner"],"aioseo_notices":[],"_links":{"self":[{"href":"http:\/\/www.tenis-krka.org\/index.php?rest_route=\/wp\/v2\/posts\/4216","targetHints":{"allow":["GET"]}}],"collection":[{"href":"http:\/\/www.tenis-krka.org\/index.php?rest_route=\/wp\/v2\/posts"}],"about":[{"href":"http:\/\/www.tenis-krka.org\/index.php?rest_route=\/wp\/v2\/types\/post"}],"author":[{"embeddable":true,"href":"http:\/\/www.tenis-krka.org\/index.php?rest_route=\/wp\/v2\/users\/1"}],"replies":[{"embeddable":true,"href":"http:\/\/www.tenis-krka.org\/index.php?rest_route=%2Fwp%2Fv2%2Fcomments&post=4216"}],"version-history":[{"count":6,"href":"http:\/\/www.tenis-krka.org\/index.php?rest_route=\/wp\/v2\/posts\/4216\/revisions"}],"predecessor-version":[{"id":4225,"href":"http:\/\/www.tenis-krka.org\/index.php?rest_route=\/wp\/v2\/posts\/4216\/revisions\/4225"}],"wp:featuredmedia":[{"embeddable":true,"href":"http:\/\/www.tenis-krka.org\/index.php?rest_route=\/wp\/v2\/media\/4217"}],"wp:attachment":[{"href":"http:\/\/www.tenis-krka.org\/index.php?rest_route=%2Fwp%2Fv2%2Fmedia&parent=4216"}],"wp:term":[{"taxonomy":"category","embeddable":true,"href":"http:\/\/www.tenis-krka.org\/index.php?rest_route=%2Fwp%2Fv2%2Fcategories&post=4216"},{"taxonomy":"post_tag","embeddable":true,"href":"http:\/\/www.tenis-krka.org\/index.php?rest_route=%2Fwp%2Fv2%2Ftags&post=4216"}],"curies":[{"name":"wp","href":"https:\/\/api.w.org\/{rel}","templated":true}]}}