{"id":4170,"date":"2020-12-11T19:42:24","date_gmt":"2020-12-11T17:42:24","guid":{"rendered":"http:\/\/www.tenis-krka.org\/?p=4170"},"modified":"2021-02-13T20:10:04","modified_gmt":"2021-02-13T18:10:04","slug":"ziva-falkner-zakljucila-z-nastopi-v-egiptu","status":"publish","type":"post","link":"http:\/\/www.tenis-krka.org\/?p=4170","title":{"rendered":"\u017diva Falkner zaklju\u010dila z nastopi v Egiptu"},"content":{"rendered":"<p>Med 30. novembrom in 13. decembrom sta v Kairu v Egiptu potekala dva zaporedna profesionalna turnirja kategorije W15, na katerih je nastopila tudi \u017diva Falkner in z njima zaklju\u010dila leto\u0161njo sezono. Na obeh turnirjih je \u017diva zaradi visokega mesta na lestvici ITF Juniors nastopila v glavnem delu.<\/p>\n<p>\u017dreb \u017divi na prvem turnirju ni bil naklonjen &#8211; v prvem krogu se je pomerila z osmo-postavljeno Nizozemko Lexi Stevens in izgubila z rezultatom 62 63.<\/p>\n<p>Na naslednjem turnirju je imela ve\u010d sre\u010de &#8211; po gladki zmagi v prvem in napetem dvoboju v drugem krogu se je prebila do \u010detrtfinala, kjer se je pomerila s prvo nosilko turnirja &#8211; s 27-letno Rusinjo Dario Mishina, ki je bila od \u017dive bolj\u0161a z rezultatom 76(4) 62.<\/p>\n<div id=\"attachment_4063\" style=\"width: 310px\" class=\"wp-caption alignnone\"><a href=\"http:\/\/www.tenis-krka.org\/wp-content\/uploads\/2020\/09\/IMG_5948-scaled.jpg\"><img loading=\"lazy\" decoding=\"async\" aria-describedby=\"caption-attachment-4063\" class=\"size-medium wp-image-4063\" src=\"http:\/\/www.tenis-krka.org\/wp-content\/uploads\/2020\/09\/IMG_5948-300x200.jpg\" alt=\"\" width=\"300\" height=\"200\" srcset=\"http:\/\/www.tenis-krka.org\/wp-content\/uploads\/2020\/09\/IMG_5948-300x200.jpg 300w, http:\/\/www.tenis-krka.org\/wp-content\/uploads\/2020\/09\/IMG_5948-1024x683.jpg 1024w, http:\/\/www.tenis-krka.org\/wp-content\/uploads\/2020\/09\/IMG_5948-768x512.jpg 768w, http:\/\/www.tenis-krka.org\/wp-content\/uploads\/2020\/09\/IMG_5948-1536x1024.jpg 1536w, http:\/\/www.tenis-krka.org\/wp-content\/uploads\/2020\/09\/IMG_5948-2048x1365.jpg 2048w\" sizes=\"auto, (max-width: 300px) 100vw, 300px\" \/><\/a><p id=\"caption-attachment-4063\" class=\"wp-caption-text\">Foto: Rok Nose, Dolenjski list<\/p><\/div>\n<p>Kljub temu, da je \u017divi letos koronavirus prepre\u010dil nastope na mnogih turnirjih (med drugim kar dveh turnirjih za Grand Slam), je za njo izjemno uspe\u0161na sezona!<\/p>\n","protected":false},"excerpt":{"rendered":"<p>Med 30. novembrom in 13. decembrom sta v Kairu v Egiptu potekala dva zaporedna profesionalna turnirja kategorije W15, na katerih je nastopila tudi \u017diva Falkner in z njima zaklju\u010dila leto\u0161njo sezono. Na obeh turnirjih je \u017diva zaradi visokega mesta na lestvici ITF Juniors nastopila v glavnem delu. \u017dreb \u017divi na prvem turnirju ni bil naklonjen [&hellip;]<\/p>\n","protected":false},"author":1,"featured_media":0,"comment_status":"closed","ping_status":"closed","sticky":false,"template":"","format":"standard","meta":{"ngg_post_thumbnail":0,"footnotes":""},"categories":[47],"tags":[],"class_list":["post-4170","post","type-post","status-publish","format-standard","hentry","category-ziva-falkner"],"aioseo_notices":[],"_links":{"self":[{"href":"http:\/\/www.tenis-krka.org\/index.php?rest_route=\/wp\/v2\/posts\/4170","targetHints":{"allow":["GET"]}}],"collection":[{"href":"http:\/\/www.tenis-krka.org\/index.php?rest_route=\/wp\/v2\/posts"}],"about":[{"href":"http:\/\/www.tenis-krka.org\/index.php?rest_route=\/wp\/v2\/types\/post"}],"author":[{"embeddable":true,"href":"http:\/\/www.tenis-krka.org\/index.php?rest_route=\/wp\/v2\/users\/1"}],"replies":[{"embeddable":true,"href":"http:\/\/www.tenis-krka.org\/index.php?rest_route=%2Fwp%2Fv2%2Fcomments&post=4170"}],"version-history":[{"count":1,"href":"http:\/\/www.tenis-krka.org\/index.php?rest_route=\/wp\/v2\/posts\/4170\/revisions"}],"predecessor-version":[{"id":4171,"href":"http:\/\/www.tenis-krka.org\/index.php?rest_route=\/wp\/v2\/posts\/4170\/revisions\/4171"}],"wp:attachment":[{"href":"http:\/\/www.tenis-krka.org\/index.php?rest_route=%2Fwp%2Fv2%2Fmedia&parent=4170"}],"wp:term":[{"taxonomy":"category","embeddable":true,"href":"http:\/\/www.tenis-krka.org\/index.php?rest_route=%2Fwp%2Fv2%2Fcategories&post=4170"},{"taxonomy":"post_tag","embeddable":true,"href":"http:\/\/www.tenis-krka.org\/index.php?rest_route=%2Fwp%2Fv2%2Ftags&post=4170"}],"curies":[{"name":"wp","href":"https:\/\/api.w.org\/{rel}","templated":true}]}}