{"id":3810,"date":"2020-07-20T07:22:02","date_gmt":"2020-07-20T05:22:02","guid":{"rendered":"http:\/\/www.tenis-krka.org\/?p=3810"},"modified":"2020-07-20T07:22:53","modified_gmt":"2020-07-20T05:22:53","slug":"2-moska-clanska-liga","status":"publish","type":"post","link":"http:\/\/www.tenis-krka.org\/?p=3810","title":{"rendered":"2. mo\u0161ka \u010dlanska liga"},"content":{"rendered":"<div dir=\"auto\">V leto\u0161nji izvedbi 2. mo\u0161ke \u010dlanske lige je ekipa TK Krka Oto\u010dec prijavila naslednje igralce: Bor Schweiger Mu\u017ear, Luka Veseli\u0107, Rok Gabri\u010d, Rok Tom\u0161i\u010d, Jani Retelj, \u017diga Pape\u017e, Tim Struhar, Jan Falkner, Tai Tristan Pape\u017e in Matja\u017e Poga\u010dnik.<\/div>\n<div dir=\"auto\">Ekipa je nastopila na 5 tekmah, od tega smo zmagali dve, tri pa smo izgubili.&nbsp;<\/div>\n<div dir=\"auto\">Vseskozi smo imeli te\u017eave s sestavo ekipe, zato smo morali igrati tudi s tenisa\u010di, ki sicer tekmujejo \u0161e v U14.&nbsp;<\/div>\n<div dir=\"auto\">Rezultat je zato nekoliko slab\u0161i od lani in tudi od pri\u010dakovanj pred za\u010detkom tekmovanja.<\/div>\n<div dir=\"auto\">\n<table style=\"border-collapse: collapse; width: 100%;\">\n<tbody>\n<tr>\n<td style=\"width: 41.3436%;\">\n<p><div id=\"attachment_3802\" style=\"width: 339px\" class=\"wp-caption alignnone\"><a href=\"http:\/\/www.tenis-krka.org\/wp-content\/uploads\/2020\/07\/MO\u0160KA-LIGA-OTO\u010cEC-4.6.2020_2-scaled.jpg\"><img loading=\"lazy\" decoding=\"async\" aria-describedby=\"caption-attachment-3802\" class=\"wp-image-3802 \" src=\"http:\/\/www.tenis-krka.org\/wp-content\/uploads\/2020\/07\/MO\u0160KA-LIGA-OTO\u010cEC-4.6.2020_2-300x169.jpg\" alt=\"\" width=\"329\" height=\"189\"><\/a><p id=\"caption-attachment-3802\" class=\"wp-caption-text\">OTO\u010cEC-4.6.2020<\/p><\/div><\/td>\n<td style=\"width: 58.6564%;\">\n<p><div id=\"attachment_3804\" style=\"width: 262px\" class=\"wp-caption alignnone\"><a href=\"http:\/\/www.tenis-krka.org\/wp-content\/uploads\/2020\/07\/MO\u0160KA-LIGA-OTO\u010cEC-5.6.2020.jpg\"><img loading=\"lazy\" decoding=\"async\" aria-describedby=\"caption-attachment-3804\" class=\"wp-image-3804 \" src=\"http:\/\/www.tenis-krka.org\/wp-content\/uploads\/2020\/07\/MO\u0160KA-LIGA-OTO\u010cEC-5.6.2020-300x225.jpg\" alt=\"OTO\u010cEC, 5.6.2020\" width=\"252\" height=\"189\" srcset=\"http:\/\/www.tenis-krka.org\/wp-content\/uploads\/2020\/07\/MO\u0160KA-LIGA-OTO\u010cEC-5.6.2020-300x225.jpg 300w, http:\/\/www.tenis-krka.org\/wp-content\/uploads\/2020\/07\/MO\u0160KA-LIGA-OTO\u010cEC-5.6.2020.jpg 605w\" sizes=\"auto, (max-width: 252px) 100vw, 252px\" \/><\/a><p id=\"caption-attachment-3804\" class=\"wp-caption-text\">OTO\u010cEC, 5.6.2020<\/p><\/div><\/td>\n<\/tr>\n<tr>\n<td style=\"width: 41.3436%;\">&nbsp;<\/td>\n<td style=\"width: 58.6564%;\">&nbsp;<\/td>\n<\/tr>\n<\/tbody>\n<\/table>\n<\/div>\n<div dir=\"auto\">&nbsp;<\/div>\n","protected":false},"excerpt":{"rendered":"<p>V leto\u0161nji izvedbi 2. mo\u0161ke \u010dlanske lige je ekipa TK Krka Oto\u010dec prijavila naslednje igralce: Bor Schweiger Mu\u017ear, Luka Veseli\u0107, Rok Gabri\u010d, Rok Tom\u0161i\u010d, Jani Retelj, \u017diga Pape\u017e, Tim Struhar, Jan Falkner, Tai Tristan Pape\u017e in Matja\u017e Poga\u010dnik. Ekipa je nastopila na 5 tekmah, od tega smo zmagali dve, tri pa smo izgubili.&nbsp; Vseskozi smo [&hellip;]<\/p>\n","protected":false},"author":11,"featured_media":0,"comment_status":"closed","ping_status":"closed","sticky":false,"template":"","format":"standard","meta":{"ngg_post_thumbnail":0,"footnotes":""},"categories":[1],"tags":[],"class_list":["post-3810","post","type-post","status-publish","format-standard","hentry","category-uncategorized"],"aioseo_notices":[],"_links":{"self":[{"href":"http:\/\/www.tenis-krka.org\/index.php?rest_route=\/wp\/v2\/posts\/3810","targetHints":{"allow":["GET"]}}],"collection":[{"href":"http:\/\/www.tenis-krka.org\/index.php?rest_route=\/wp\/v2\/posts"}],"about":[{"href":"http:\/\/www.tenis-krka.org\/index.php?rest_route=\/wp\/v2\/types\/post"}],"author":[{"embeddable":true,"href":"http:\/\/www.tenis-krka.org\/index.php?rest_route=\/wp\/v2\/users\/11"}],"replies":[{"embeddable":true,"href":"http:\/\/www.tenis-krka.org\/index.php?rest_route=%2Fwp%2Fv2%2Fcomments&post=3810"}],"version-history":[{"count":1,"href":"http:\/\/www.tenis-krka.org\/index.php?rest_route=\/wp\/v2\/posts\/3810\/revisions"}],"predecessor-version":[{"id":3813,"href":"http:\/\/www.tenis-krka.org\/index.php?rest_route=\/wp\/v2\/posts\/3810\/revisions\/3813"}],"wp:attachment":[{"href":"http:\/\/www.tenis-krka.org\/index.php?rest_route=%2Fwp%2Fv2%2Fmedia&parent=3810"}],"wp:term":[{"taxonomy":"category","embeddable":true,"href":"http:\/\/www.tenis-krka.org\/index.php?rest_route=%2Fwp%2Fv2%2Fcategories&post=3810"},{"taxonomy":"post_tag","embeddable":true,"href":"http:\/\/www.tenis-krka.org\/index.php?rest_route=%2Fwp%2Fv2%2Ftags&post=3810"}],"curies":[{"name":"wp","href":"https:\/\/api.w.org\/{rel}","templated":true}]}}