{"id":3758,"date":"2020-05-21T14:13:52","date_gmt":"2020-05-21T12:13:52","guid":{"rendered":"http:\/\/www.tenis-krka.org\/?p=3758"},"modified":"2020-05-21T14:13:52","modified_gmt":"2020-05-21T12:13:52","slug":"marko-retelj-med-dobitniki-krkinega-priznanja-mladih-talentov-za-leto-2019","status":"publish","type":"post","link":"http:\/\/www.tenis-krka.org\/?p=3758","title":{"rendered":"Marko Retelj med dobitniki Krkinega priznanja mladih talentov za leto 2019"},"content":{"rendered":"<p>Na\u0161a generalna pokroviteljica Krka, tovarna zdravil, d.d. je pripravila, letos glede na okoli\u0161\u010dine, zaradi varnosti in za\u0161\u010dito pred mo\u017enostjo oku\u017ebe s COVID-19, 14. sre\u010danje s Krkinimi sponzoriranci pripravili v virtualni obliki. Kljub spremenjenim razmeram so tudi letos izbrali tri izjemne mlade posameznike, uspe\u0161ne na \u0161portnem in kulturnem podro\u010dju in jim podelili priznanje Krkin talent leta 2019.<\/p>\n<p>Predsednik uprave in generalni direktor Krke Jo\u017ee Colari\u010d je v video nagovoru leto\u0161njim nagrajencem sporo\u010dil:<\/p>\n<p><em>\u201cPonosni smo na va\u0161o prizadevnost in trdo delo, ki se ka\u017eeta v \u0161tevilnih dose\u017ekih na podro\u010dju \u0161porta in kulture. S svojim zgledom prispevate k \u0161irjenju Krkine zaveze k zdravemu na\u010dinu \u017eivljenja in Krkinih vrednot, ki so hitrost in fleksibilnost, partnerstvo in zaupanje, kreativnost in u\u010dinkovitost. <\/em><em>Predvsem pa sporo\u010date, da so prav te vrednote in pozitivne osebnostne lastnosti pomemben dejavnik uspeha ne glede na podro\u010dje delovanja.\u201d<\/em><\/p>\n<p>\u010cestitamo vsem sponzorirancem, predvsem pa trem talentom, ki so dobili tudi najvi\u0161je prizanje za Krkin talent leta 2019, Kim Kastelic iz Namiznoteni\u0161kega kluba Krka, Toni Travnik iz Mo\u0161kega odbojkarskega kluba Krka in Brina Kren iz Kulturnega dru\u0161tva Pihalni orkester Krka<\/p>\n<p>Ker vsi prijavljeni sponzoriranci ka\u017eejo na velik potencial mlade generacije, zato je Krkina komisija za izbor talenta leta sprejela odlo\u010ditev, da si prav vsi prijavljeni zaslu\u017eijo priznanje za svoje \u0161portne, kulturne in druge dose\u017eke.<\/p>\n<p>Med prejemniki posebnega priznanja je tudi Marko Retelj, ki je \u0161e s 12 nadobudnimi mladimi \u010dlani dru\u0161tev in ustanov, katerih delovanje podpirajo v Krki in so s svojim pozitivnim zgledom tudi ambasadorji podjetja.<\/p>\n<p>Marko je teni\u0161ki lopar prvi\u010d vzel v roke pri treh letih, ko je bil lopar zanj \u0161e pripomo\u010dek za igro z \u017eogico z bratom Janijem. Za tenis ga je navdu\u0161il starej\u0161i brat Jani Retelj, tudi \u010dlan Teni\u0161kega klub Krka Oto\u010dec. Pri petih letih je Marko za\u010del z vadbo v teni\u0161kem vrtcu Teni\u0161kega kluba Krka Oto\u010dec pri trenerki Slavki Srebrnjak.<\/p>\n<p>S sedmimi leti&nbsp; je za\u010del trenirati pod budnim o\u010desom trenerja Gordana Jankovi\u0107a, v lanskem letu pa nadaljuje z delom pri trenerju Matja\u017eu Poga\u010darju.<\/p>\n<p>\u017de na prvi tekmi v doma\u010dem klubu je Marko pokazal svojo borbenost, vztrajnost in \u017eeljo po tekmovanju, zmagah in priznanjih za najbolj\u0161a mesta. Redno se udele\u017euje tekmovanj Teni\u0161ke zveze Slovenije&nbsp; in mednarodnih tekmovanj. V ni\u017ejih starostnih kategorijah je zabele\u017eil kar nekaj zmag in se je kasneje&nbsp; \u017ee pri 9 letih udele\u017eeval tekem vi\u0161je starostne kategorije do 12 let. Marko se danes uspe\u0161no udele\u017euje turnirjev na dr\u017eavni in mednarodni ravni.<\/p>\n<p>Markovi najbolj\u0161i dose\u017eki v letu 2019 na dr\u017eavnih turnirjih:<\/p>\n<ul>\n<li>Dr\u017eavni prvak v tenisu do 12 let, Ljubljana (7.1-11.1.2019)<\/li>\n<li>Zmagovalec OP Portoro\u017e (13.8-15.8.2019)<\/li>\n<li>Polfinalist MASTERS Koper (27.9-28.9.2019)<\/li>\n<li>Dr\u017eavni prvak v dvojicah do 14 let, (13.1-17.1.2020)<\/li>\n<\/ul>\n<p>V letu 2019 se je udele\u017eil 8 mednarodnih turnirjev Tenis Europe. Markovi najbolj\u0161i dose\u017eki:<\/p>\n<ul>\n<li>Finalist na turnirju prvega ranga Tenis Europe do 12 let v Prijedoru.<\/li>\n<li>\u010cetrtfinalist v Tenis Europe \u010cakovec in Tenis Europe v Novem mestu.<\/li>\n<li>V Franciji se je na turnirju prvega ranga uvrstil med 16 od 64 igralcev.<\/li>\n<li>Kot \u010dlan reprezentance Slovenije do 12 let se je udele\u017eil ekipnega Evropskega prvenstva v Ogulinu ter ekipnega Evropskega prvenstva Lampo Trophy v Rezzatu v Italiji.<\/li>\n<\/ul>\n<p>Bravo Marko, le tako naprej.<\/p>\n<div id=\"attachment_3513\" style=\"width: 179px\" class=\"wp-caption alignnone\"><a href=\"http:\/\/www.tenis-krka.org\/wp-content\/uploads\/2019\/02\/MARKO-DP-12-JANUAR-2019.jpg\"><img loading=\"lazy\" decoding=\"async\" aria-describedby=\"caption-attachment-3513\" class=\"size-medium wp-image-3513\" src=\"http:\/\/www.tenis-krka.org\/wp-content\/uploads\/2019\/02\/MARKO-DP-12-JANUAR-2019-169x300.jpg\" alt=\"\" width=\"169\" height=\"300\" srcset=\"http:\/\/www.tenis-krka.org\/wp-content\/uploads\/2019\/02\/MARKO-DP-12-JANUAR-2019-169x300.jpg 169w, http:\/\/www.tenis-krka.org\/wp-content\/uploads\/2019\/02\/MARKO-DP-12-JANUAR-2019-577x1024.jpg 577w, http:\/\/www.tenis-krka.org\/wp-content\/uploads\/2019\/02\/MARKO-DP-12-JANUAR-2019.jpg 640w\" sizes=\"auto, (max-width: 169px) 100vw, 169px\" \/><\/a><p id=\"caption-attachment-3513\" class=\"wp-caption-text\">Dr\u017eavni prvak v tenisu do 12 let<\/p><\/div>\n","protected":false},"excerpt":{"rendered":"<p>Na\u0161a generalna pokroviteljica Krka, tovarna zdravil, d.d. je pripravila, letos glede na okoli\u0161\u010dine, zaradi varnosti in za\u0161\u010dito pred mo\u017enostjo oku\u017ebe s COVID-19, 14. sre\u010danje s Krkinimi sponzoriranci pripravili v virtualni obliki. Kljub spremenjenim razmeram so tudi letos izbrali tri izjemne mlade posameznike, uspe\u0161ne na \u0161portnem in kulturnem podro\u010dju in jim podelili priznanje Krkin talent leta [&hellip;]<\/p>\n","protected":false},"author":11,"featured_media":0,"comment_status":"closed","ping_status":"closed","sticky":false,"template":"","format":"standard","meta":{"ngg_post_thumbnail":0,"footnotes":""},"categories":[4,6,5],"tags":[],"class_list":["post-3758","post","type-post","status-publish","format-standard","hentry","category-dog","category-rezult","category-tekm"],"aioseo_notices":[],"_links":{"self":[{"href":"http:\/\/www.tenis-krka.org\/index.php?rest_route=\/wp\/v2\/posts\/3758","targetHints":{"allow":["GET"]}}],"collection":[{"href":"http:\/\/www.tenis-krka.org\/index.php?rest_route=\/wp\/v2\/posts"}],"about":[{"href":"http:\/\/www.tenis-krka.org\/index.php?rest_route=\/wp\/v2\/types\/post"}],"author":[{"embeddable":true,"href":"http:\/\/www.tenis-krka.org\/index.php?rest_route=\/wp\/v2\/users\/11"}],"replies":[{"embeddable":true,"href":"http:\/\/www.tenis-krka.org\/index.php?rest_route=%2Fwp%2Fv2%2Fcomments&post=3758"}],"version-history":[{"count":2,"href":"http:\/\/www.tenis-krka.org\/index.php?rest_route=\/wp\/v2\/posts\/3758\/revisions"}],"predecessor-version":[{"id":3762,"href":"http:\/\/www.tenis-krka.org\/index.php?rest_route=\/wp\/v2\/posts\/3758\/revisions\/3762"}],"wp:attachment":[{"href":"http:\/\/www.tenis-krka.org\/index.php?rest_route=%2Fwp%2Fv2%2Fmedia&parent=3758"}],"wp:term":[{"taxonomy":"category","embeddable":true,"href":"http:\/\/www.tenis-krka.org\/index.php?rest_route=%2Fwp%2Fv2%2Fcategories&post=3758"},{"taxonomy":"post_tag","embeddable":true,"href":"http:\/\/www.tenis-krka.org\/index.php?rest_route=%2Fwp%2Fv2%2Ftags&post=3758"}],"curies":[{"name":"wp","href":"https:\/\/api.w.org\/{rel}","templated":true}]}}