{"id":3717,"date":"2019-09-21T22:04:14","date_gmt":"2019-09-21T20:04:14","guid":{"rendered":"http:\/\/www.tenis-krka.org\/?p=3717"},"modified":"2019-09-21T22:07:44","modified_gmt":"2019-09-21T20:07:44","slug":"ziva-falkner-jar-capetown","status":"publish","type":"post","link":"http:\/\/www.tenis-krka.org\/?p=3717","title":{"rendered":"\u017dIVA  FALKNER  &#8211; JAR  CAPETOWN"},"content":{"rendered":"<p>19.09.2019 JAR CAPETOWN<br \/>\nNajve\u010dji  dose\u017eek v zgodovini  TK KRKA Oto\u010dec je  dosegla  \u017dIVA  FALKNER,<br \/>\nki, je v \u010detrtfinalu mladinskega  turnirja  ITF A ranga v Cape Townu nadigrala  tretjo  nosilko<br \/>\n16 \u2013 letno Poljakinjo Weroniko Baszak, 84. mladinko sveta in se  prvi\u010d  v karieri uvrstila v polfinale turnirja najmo\u010dnej\u0161ega  ranga  na  mladinskem touru.  S tem  se  bo uvrstila  med  50 ITF 18 let na  svetu in  se  dokon\u010dno  uvrstila na  naslednji GS v Avstraliji  in  vse  ostale.<br \/>\n\u017diva  je  prepri\u010dljivo  zmagala s 6 \u2013 1, 6 -1   in Baszakovi zadala  drugi poraz na  zadnjih dvanajstih tekmah. Poljakinja je  bila  prej\u0161nji  teden finalistka  turnirja 2. Ranga v Stellenboschu v Ju\u017eno  Afri\u0161ki  Republiki.<\/p>\n<p>20. 09.2019 \u2013 JAR CAPETOWN<br \/>\n\u017dIVA  JE  DOSEGLA  3.MESTO V SINGLIH.<\/p>\n<p>V dvojicah  je  \u017diva  v  Capetownu osvojila  GRADE TURNIR.<\/p>\n<p>NASLEDNJI TEDEN BO \u017dIVA ZASEDLA 70. MESTO NA ITF LESTVICI NAJBOLJ\u0160IH MLADINK SVETA! <\/p>\n<p>\u010cESTITAMO!<\/p>\n\n\t\t<style type=\"text\/css\">\n\t\t\t#gallery-1 {\n\t\t\t\tmargin: auto;\n\t\t\t}\n\t\t\t#gallery-1 .gallery-item {\n\t\t\t\tfloat: left;\n\t\t\t\tmargin-top: 10px;\n\t\t\t\ttext-align: center;\n\t\t\t\twidth: 33%;\n\t\t\t}\n\t\t\t#gallery-1 img {\n\t\t\t\tborder: 2px solid #cfcfcf;\n\t\t\t}\n\t\t\t#gallery-1 .gallery-caption {\n\t\t\t\tmargin-left: 0;\n\t\t\t}\n\t\t\t\/* see gallery_shortcode() in wp-includes\/media.php *\/\n\t\t<\/style>\n\t\t<div id='gallery-1' class='gallery galleryid-3717 gallery-columns-3 gallery-size-thumbnail'><dl class='gallery-item'>\n\t\t\t<dt class='gallery-icon portrait'>\n\t\t\t\t<a href='http:\/\/www.tenis-krka.org\/?attachment_id=3718'><img loading=\"lazy\" decoding=\"async\" width=\"150\" height=\"150\" src=\"http:\/\/www.tenis-krka.org\/wp-content\/uploads\/2019\/09\/ZMAGA-DVOJICE-JAR-150x150.jpg\" class=\"attachment-thumbnail size-thumbnail\" alt=\"\" \/><\/a>\n\t\t\t<\/dt><\/dl>\n\t\t\t<br style='clear: both' \/>\n\t\t<\/div>\n\n","protected":false},"excerpt":{"rendered":"<p>19.09.2019 JAR CAPETOWN Najve\u010dji dose\u017eek v zgodovini TK KRKA Oto\u010dec je dosegla \u017dIVA FALKNER, ki, je v \u010detrtfinalu mladinskega turnirja ITF A ranga v Cape Townu nadigrala tretjo nosilko 16 \u2013 letno Poljakinjo Weroniko Baszak, 84. mladinko sveta in se prvi\u010d v karieri uvrstila v polfinale turnirja najmo\u010dnej\u0161ega ranga na mladinskem touru. S tem se [&hellip;]<\/p>\n","protected":false},"author":10,"featured_media":0,"comment_status":"closed","ping_status":"closed","sticky":false,"template":"","format":"standard","meta":{"ngg_post_thumbnail":0,"footnotes":""},"categories":[4,6,5,1],"tags":[],"class_list":["post-3717","post","type-post","status-publish","format-standard","hentry","category-dog","category-rezult","category-tekm","category-uncategorized"],"aioseo_notices":[],"_links":{"self":[{"href":"http:\/\/www.tenis-krka.org\/index.php?rest_route=\/wp\/v2\/posts\/3717","targetHints":{"allow":["GET"]}}],"collection":[{"href":"http:\/\/www.tenis-krka.org\/index.php?rest_route=\/wp\/v2\/posts"}],"about":[{"href":"http:\/\/www.tenis-krka.org\/index.php?rest_route=\/wp\/v2\/types\/post"}],"author":[{"embeddable":true,"href":"http:\/\/www.tenis-krka.org\/index.php?rest_route=\/wp\/v2\/users\/10"}],"replies":[{"embeddable":true,"href":"http:\/\/www.tenis-krka.org\/index.php?rest_route=%2Fwp%2Fv2%2Fcomments&post=3717"}],"version-history":[{"count":3,"href":"http:\/\/www.tenis-krka.org\/index.php?rest_route=\/wp\/v2\/posts\/3717\/revisions"}],"predecessor-version":[{"id":3721,"href":"http:\/\/www.tenis-krka.org\/index.php?rest_route=\/wp\/v2\/posts\/3717\/revisions\/3721"}],"wp:attachment":[{"href":"http:\/\/www.tenis-krka.org\/index.php?rest_route=%2Fwp%2Fv2%2Fmedia&parent=3717"}],"wp:term":[{"taxonomy":"category","embeddable":true,"href":"http:\/\/www.tenis-krka.org\/index.php?rest_route=%2Fwp%2Fv2%2Fcategories&post=3717"},{"taxonomy":"post_tag","embeddable":true,"href":"http:\/\/www.tenis-krka.org\/index.php?rest_route=%2Fwp%2Fv2%2Ftags&post=3717"}],"curies":[{"name":"wp","href":"https:\/\/api.w.org\/{rel}","templated":true}]}}