{"id":37,"date":"2006-04-18T22:18:00","date_gmt":"2006-04-18T20:18:00","guid":{"rendered":"http:\/\/www.tenis-krka.org\/?p=37"},"modified":"2019-05-27T15:16:56","modified_gmt":"2019-05-27T13:16:56","slug":"mednarodno-prvenstvo-v-tenisu-itf-do-18-let-mostar-bih","status":"publish","type":"post","link":"http:\/\/www.tenis-krka.org\/?p=37","title":{"rendered":"Mednarodno prvenstvo v tenisu ITF do 18 let, Mostar, BIH"},"content":{"rendered":"<p>Ta \u010das v Mostarju poteka Mednarodno prvenstvo v tenisu v starostni kategoriji do 18 let. Na turnirju, ki \u0161teje za mladinsko svetovno lestvico ITF nastopata tudi dva najbolj\u0161a Oto\u0161ka mladinca, \u010dlana TK Krka Oto\u010dec IGOR RADE\u017d in MARTIN KRALJI\u010c.<\/p>\n<p>RADE\u017d je \u017ee zaklju\u010dil z nastopi, saj je po uvodnih zmagah v predkvalifikacijah in v 1. krogu kvalifikacij nato izgubil v 2. krogu kvalifikacij ter izpadel.<\/p>\n<p>Bolje gre KRALJI\u010cU, ki je danes slavil v tretjem finalnem nastopu kvalifikacij. Njegov nasprotnik je bil JURE PUPI\u010c-BAKRAC, KRALJI\u010c pa je bil v trdem in napetem dvoboju na koncu bolj\u0161i in slavil z rezultatom 6\/3, 6\/7 in 6\/3 ter se tako uvrstil v jutri\u0161nji glavni turnir 32 najbolj\u0161ih.<\/p>\n","protected":false},"excerpt":{"rendered":"<p>Ta \u010das v Mostarju poteka Mednarodno prvenstvo v tenisu v starostni kategoriji do 18 let. Na turnirju, ki \u0161teje za mladinsko svetovno lestvico ITF nastopata tudi dva najbolj\u0161a Oto\u0161ka mladinca, \u010dlana TK Krka Oto\u010dec IGOR RADE\u017d in MARTIN KRALJI\u010c. RADE\u017d je \u017ee zaklju\u010dil z nastopi, saj je po uvodnih zmagah v predkvalifikacijah in v 1. [&hellip;]<\/p>\n","protected":false},"author":1,"featured_media":0,"comment_status":"closed","ping_status":"closed","sticky":false,"template":"","format":"standard","meta":{"ngg_post_thumbnail":0,"footnotes":""},"categories":[6,5],"tags":[],"class_list":["post-37","post","type-post","status-publish","format-standard","hentry","category-rezult","category-tekm"],"aioseo_notices":[],"_links":{"self":[{"href":"http:\/\/www.tenis-krka.org\/index.php?rest_route=\/wp\/v2\/posts\/37","targetHints":{"allow":["GET"]}}],"collection":[{"href":"http:\/\/www.tenis-krka.org\/index.php?rest_route=\/wp\/v2\/posts"}],"about":[{"href":"http:\/\/www.tenis-krka.org\/index.php?rest_route=\/wp\/v2\/types\/post"}],"author":[{"embeddable":true,"href":"http:\/\/www.tenis-krka.org\/index.php?rest_route=\/wp\/v2\/users\/1"}],"replies":[{"embeddable":true,"href":"http:\/\/www.tenis-krka.org\/index.php?rest_route=%2Fwp%2Fv2%2Fcomments&post=37"}],"version-history":[{"count":5,"href":"http:\/\/www.tenis-krka.org\/index.php?rest_route=\/wp\/v2\/posts\/37\/revisions"}],"predecessor-version":[{"id":1072,"href":"http:\/\/www.tenis-krka.org\/index.php?rest_route=\/wp\/v2\/posts\/37\/revisions\/1072"}],"wp:attachment":[{"href":"http:\/\/www.tenis-krka.org\/index.php?rest_route=%2Fwp%2Fv2%2Fmedia&parent=37"}],"wp:term":[{"taxonomy":"category","embeddable":true,"href":"http:\/\/www.tenis-krka.org\/index.php?rest_route=%2Fwp%2Fv2%2Fcategories&post=37"},{"taxonomy":"post_tag","embeddable":true,"href":"http:\/\/www.tenis-krka.org\/index.php?rest_route=%2Fwp%2Fv2%2Ftags&post=37"}],"curies":[{"name":"wp","href":"https:\/\/api.w.org\/{rel}","templated":true}]}}