{"id":3562,"date":"2019-04-09T01:59:36","date_gmt":"2019-04-08T23:59:36","guid":{"rendered":"http:\/\/www.tenis-krka.org\/?p=3562"},"modified":"2019-05-27T15:15:55","modified_gmt":"2019-05-27T13:15:55","slug":"priprave-strunjan-2019","status":"publish","type":"post","link":"http:\/\/www.tenis-krka.org\/?p=3562","title":{"rendered":"PRIPRAVE  STRUNJAN 2019"},"content":{"rendered":"<p>TK KRKA vsako leto organizira 3 dnevne teni\u0161ke priprave v Strunjanu.<br \/>\nTudi  letos smo  ob  koncu  meseca marca odpeljali otroke na priprave, s ciljem krepitve klubskega vzdu\u0161ja, enotnosti, medsebojnega spoznavanja vseh otrok kluba, ki trenirajo v razli\u010dnih starostnih kategorijah od 7. do 26. leta. Tabora se je udele\u017eilo 21 \u010dlanov kluba za katere so 3 trenerji pripravili aktivni program z 8 urami igranja tenisa, motorike,kopanja v bazenu in teoreti\u010dnega dela v u\u010dilnici. Zadnji dan tabora so otroci odigrali turnirje v razli\u010dnih starostnih kategorijah. Otroci  so  priejeli  majice tabora in medalje.<br \/>\nTabor je bil zelo uspe\u0161en dosegel je  motivacijske  cilje kakor  tudi  priprave tekmovalcev za igranje na  zunanjih igri\u0161\u010dih.<br \/>\nSpremljali  so  jih trenerji: Rok Gabri\u010d, Slavko  Anton\u010di\u010d  in Du\u0161an  Ho\u010devar<\/p>\n\n\t\t<style type=\"text\/css\">\n\t\t\t#gallery-1 {\n\t\t\t\tmargin: auto;\n\t\t\t}\n\t\t\t#gallery-1 .gallery-item {\n\t\t\t\tfloat: left;\n\t\t\t\tmargin-top: 10px;\n\t\t\t\ttext-align: center;\n\t\t\t\twidth: 33%;\n\t\t\t}\n\t\t\t#gallery-1 img {\n\t\t\t\tborder: 2px solid #cfcfcf;\n\t\t\t}\n\t\t\t#gallery-1 .gallery-caption {\n\t\t\t\tmargin-left: 0;\n\t\t\t}\n\t\t\t\/* see gallery_shortcode() in wp-includes\/media.php *\/\n\t\t<\/style>\n\t\t<div id='gallery-1' class='gallery galleryid-3562 gallery-columns-3 gallery-size-thumbnail'><dl class='gallery-item'>\n\t\t\t<dt class='gallery-icon landscape'>\n\t\t\t\t<a href='http:\/\/www.tenis-krka.org\/?attachment_id=3565'><img loading=\"lazy\" decoding=\"async\" width=\"150\" height=\"150\" src=\"http:\/\/www.tenis-krka.org\/wp-content\/uploads\/2019\/04\/strunjan-4-150x150.jpg\" class=\"attachment-thumbnail size-thumbnail\" alt=\"\" aria-describedby=\"gallery-1-3565\" \/><\/a>\n\t\t\t<\/dt>\n\t\t\t\t<dd class='wp-caption-text gallery-caption' id='gallery-1-3565'>\n\t\t\t\tSTRUNJAN 2019\n\t\t\t\t<\/dd><\/dl><dl class='gallery-item'>\n\t\t\t<dt class='gallery-icon landscape'>\n\t\t\t\t<a href='http:\/\/www.tenis-krka.org\/?attachment_id=3566'><img loading=\"lazy\" decoding=\"async\" width=\"150\" height=\"150\" src=\"http:\/\/www.tenis-krka.org\/wp-content\/uploads\/2019\/04\/strunjan-5-150x150.jpg\" class=\"attachment-thumbnail size-thumbnail\" alt=\"\" \/><\/a>\n\t\t\t<\/dt><\/dl>\n\t\t\t<br style='clear: both' \/>\n\t\t<\/div>\n\n","protected":false},"excerpt":{"rendered":"<p>TK KRKA vsako leto organizira 3 dnevne teni\u0161ke priprave v Strunjanu. Tudi letos smo ob koncu meseca marca odpeljali otroke na priprave, s ciljem krepitve klubskega vzdu\u0161ja, enotnosti, medsebojnega spoznavanja vseh otrok kluba, ki trenirajo v razli\u010dnih starostnih kategorijah od 7. do 26. leta. Tabora se je udele\u017eilo 21 \u010dlanov kluba za katere so 3 [&hellip;]<\/p>\n","protected":false},"author":10,"featured_media":0,"comment_status":"closed","ping_status":"open","sticky":false,"template":"","format":"standard","meta":{"ngg_post_thumbnail":0,"footnotes":""},"categories":[4,20,6,5,7,30,1],"tags":[],"class_list":["post-3562","post","type-post","status-publish","format-standard","hentry","category-dog","category-turnirji","category-rezult","category-tekm","category-tsola","category-teniski-kampi","category-uncategorized"],"aioseo_notices":[],"_links":{"self":[{"href":"http:\/\/www.tenis-krka.org\/index.php?rest_route=\/wp\/v2\/posts\/3562","targetHints":{"allow":["GET"]}}],"collection":[{"href":"http:\/\/www.tenis-krka.org\/index.php?rest_route=\/wp\/v2\/posts"}],"about":[{"href":"http:\/\/www.tenis-krka.org\/index.php?rest_route=\/wp\/v2\/types\/post"}],"author":[{"embeddable":true,"href":"http:\/\/www.tenis-krka.org\/index.php?rest_route=\/wp\/v2\/users\/10"}],"replies":[{"embeddable":true,"href":"http:\/\/www.tenis-krka.org\/index.php?rest_route=%2Fwp%2Fv2%2Fcomments&post=3562"}],"version-history":[{"count":1,"href":"http:\/\/www.tenis-krka.org\/index.php?rest_route=\/wp\/v2\/posts\/3562\/revisions"}],"predecessor-version":[{"id":3573,"href":"http:\/\/www.tenis-krka.org\/index.php?rest_route=\/wp\/v2\/posts\/3562\/revisions\/3573"}],"wp:attachment":[{"href":"http:\/\/www.tenis-krka.org\/index.php?rest_route=%2Fwp%2Fv2%2Fmedia&parent=3562"}],"wp:term":[{"taxonomy":"category","embeddable":true,"href":"http:\/\/www.tenis-krka.org\/index.php?rest_route=%2Fwp%2Fv2%2Fcategories&post=3562"},{"taxonomy":"post_tag","embeddable":true,"href":"http:\/\/www.tenis-krka.org\/index.php?rest_route=%2Fwp%2Fv2%2Ftags&post=3562"}],"curies":[{"name":"wp","href":"https:\/\/api.w.org\/{rel}","templated":true}]}}