{"id":3555,"date":"2019-04-03T00:13:07","date_gmt":"2019-04-02T22:13:07","guid":{"rendered":"http:\/\/www.tenis-krka.org\/?p=3555"},"modified":"2019-05-27T15:15:55","modified_gmt":"2019-05-27T13:15:55","slug":"13-srecanje-s-krkinimi-sponzoriranci","status":"publish","type":"post","link":"http:\/\/www.tenis-krka.org\/?p=3555","title":{"rendered":"13. SRE\u010cANJE S KRKINIMI SPONZORIRANCI"},"content":{"rendered":"<p>V Krki razglasili mlade talente 2018<\/p>\n<p>Novo mesto, 27. marec 2019 \u2013 V Krki so na 13. sre\u010danju s sponzoriranci trem izjemnim mladim posameznikom, uspe\u0161nim na \u0161portnem in kulturnem podro\u010dju, \u017ee tretji\u010d zapored podelili Krkino priznanje talent leta 2018. Dogodka se je udele\u017eilo<br \/>\n200 predstavnikov klubov in dru\u0161tev, med njimi tudi 110 mladih \u0161portnikov, glasbenikov in drugih ustvarjalcev. Na sre\u010danju so v pogovoru z zanimivimi sogovorniki osvetlili uporabo digitalnih tehnologij, \u0161e posebej dru\u017ebenih omre\u017eij, in predstavili poklice, ki jih zahteva dana\u0161nja dru\u017eba hitrih sprememb. Posebno pozornost so namenili varnosti na spletu, predvsem pa prednostim in pastem dru\u017ebenih omre\u017eij, ki so del na\u0161ega vsakdanjika in za mlade uporabnike pogosto izziv.<\/p>\n<p>Med mladimi dolenjskimi \u0161portniki in umetniki letos prepoznali tri talente<\/p>\n<p>Odlike, ki izjemno uspe\u0161ne posameznike in kolektive lo\u010dijo od drugih, so brez dvoma  njihova odlo\u010dnost, delavnost, vztrajnost in pogum, ki so obenem bistveni dejavniki za doseganje rezultatov.  Tako so v Krki predstavnike klubov in dru\u0161tev tudi letos pozvali, da v svojih sredinah poi\u0161\u010dejo mlade, uspe\u0161ne posameznike, stare do 18 let, ki se lahko pohvalijo s hvale vrednimi odlikami, ki so jih vodile do vrhunskih dose\u017ekov na \u0161portnem in glasbenem podro\u010dju. Med kriteriji so uspe\u0161nost na klubskih, dr\u017eavnih, evropskih in svetovnih tekmovanjih, pa tudi pozitivne vrednote in osebnostne poteze, spodbujanje k sodelovanju, po\u0161teni igri, zdravi tekmovalnosti, spo\u0161tovanju in strpnosti ter dejavno predstavljanje sponzorja. <\/p>\n<p>Na osnovi razpisnih pogojev so v Krko prejeli 17 predlogov za talent leta 2018. Strokovna komisija je imela pri izboru treh najbolj\u0161ih te\u017eko delo.  Pri presoji predlaganih kandidatov ni upo\u0161tevala le vrhunskih dose\u017ekov na posameznem podro\u010dju \u2013 v \u0161portu ali kulturi \u2013 temve\u010d se je osredoto\u010dila na celostno osebnost. Pomemben kriterij je bil poleg dose\u017ekov tudi to, da je posameznik s svojo zavzetostjo in predanostjo svetel zgled sovrstnikom v \u0161oli in ob\u0161olskih dejavnostih ter na podro\u010dju dobrodelnosti.<br \/>\nLetos so podelili tri najvi\u0161ja priznanja talent leta 2018 \u2013 dve na podro\u010dju \u0161porta in eno na podro\u010dju kulture<br \/>\nTalenti leta 2018<br \/>\nJAKA PAVLIN iz Mo\u0161kega odbojkarskega kluba Krka<br \/>\nJERNEJ SLAK iz Glasbene \u0161ole Marjana Kozine Novo mesto<br \/>\nMATEV\u017d \u0160U\u0160TAR\u0160I\u010c iz Atletskega kluba Krka  <\/p>\n<p>Iz klubov in dru\u0161tev so na Krkin razpis prejeli prijave, ki ka\u017eejo na velik potencial mlade generacije, zato se je komisija za izbor talenta odlo\u010dila, da si prav vsi prijavljeni zaslu\u017eijo priznanja za uspe\u0161nost na tekmovanjih, za spodbujanje k sodelovanju, po\u0161teni igri, zdravi tekmovalnosti, spo\u0161tovanju, strpnosti in za dejavno predstavljanje sponzorja. <\/p>\n<p>Priznanja za svoje dose\u017eke so tako dobili:<\/p>\n<p>1)\tEMA BA\u0160A, Keglja\u0161ko dru\u0161tvo Novo mesto<br \/>\n2)\tTIM BRODNIK, Gimnasti\u010dno dru\u0161tvo Novo mesto<br \/>\n3)\tBENJAMIN BURGER, Kulturno dru\u0161tvo Pihalni orkester Krka<br \/>\n4)\tZALA JAK\u0160E, \u017denski odbojkarski klub Novo mesto<br \/>\n5)\tKIM KASTELIC, Namiznoteni\u0161ki klub Krka Novo mesto<br \/>\n6)\tBRINA KREN, Kulturno dru\u0161tvo Pihalni orkester Krka<br \/>\n7)\tLUKA MEDVED, Ko\u0161arkarski klub Krka<br \/>\n8)\tALJA\u017d OMRZEL, Kolesarski klub Adria Mobil<br \/>\n9)\tMARKO RETELJ, Teni\u0161ki klub Krka Oto\u010dec<br \/>\n10)\t ERIN NOVAK, \u017denski rokometni klub Krka<br \/>\n11)\t LOVRO \u0160TUBLJAR, Nogometni klub Krka<br \/>\n12)\t ALEKSANDRA VOVK, Namiznoteni\u0161ki klub Krka Novo mesto<br \/>\n13)\t IRIS ZORAN, Keglja\u0161ko dru\u0161tvo Krka Novo mesto<br \/>\n14)\t DOMEN \u017dUR, Nogometni klub Krka<\/p>\n<p>Delo z mladimi je klju\u010d za razvoj dru\u017ebe<\/p>\n<p>V Krki spodbujajo razvoj \u0161tevilnih dejavnosti. \u0160e zlasti pa podpirajo klube in dru\u0161tva, ki mladim omogo\u010dajo vklju\u010devanje bodisi v rekreativni ali tekmovalni \u0161port bodisi v<br \/>\nkulturnoumetni\u0161ke in druge dejavnosti. V skrbi za zdravo dru\u017ebo ter lep\u0161i in kakovostnej\u0161i jutri je namre\u010d pomembno zagotoviti, da se bodo dejavnosti, ki so eden od poglavitnih stebrov vsake dru\u017ebe, ohranjale tudi v prihodnje. <\/p>\n<p>Ni naklju\u010dje, da v Krki podpirajo predvsem tiste klube in ustanove, ki mlade spodbujajo k zdravemu \u017eivljenjskemu slogu, telesnemu in osebnemu razvoju, timskemu duhu in prijateljstvu, vztrajnosti in tudi zdravi zmagovalni miselnosti. Le tako lahko v okolju skupaj krepijo vrednote, kot so partnerstvo in zaupanje ter kreativnost in u\u010dinkovitost, ki so klju\u010d do napredka vsake dru\u017ebe. <\/p>\n<p>V Krki poudarjajo, da so mlade generacije tiste, ki bodo s svojim znanjem, nadarjenostjo, trdim delom in vztrajnostjo ter s pomo\u010djo star\u0161ev in mentorjev iskale odgovore na vpra\u0161anja sodobnega \u010dasa in pomembno prispevale k razvoju dru\u017ebe. Prav zato bodo tudi v prihodnje podpirali projekte, klube in dru\u0161tva, ki v ospredje postavljajo delo z mladimi.<br \/>\n\n\t\t<style type=\"text\/css\">\n\t\t\t#gallery-1 {\n\t\t\t\tmargin: auto;\n\t\t\t}\n\t\t\t#gallery-1 .gallery-item {\n\t\t\t\tfloat: left;\n\t\t\t\tmargin-top: 10px;\n\t\t\t\ttext-align: center;\n\t\t\t\twidth: 33%;\n\t\t\t}\n\t\t\t#gallery-1 img {\n\t\t\t\tborder: 2px solid #cfcfcf;\n\t\t\t}\n\t\t\t#gallery-1 .gallery-caption {\n\t\t\t\tmargin-left: 0;\n\t\t\t}\n\t\t\t\/* see gallery_shortcode() in wp-includes\/media.php *\/\n\t\t<\/style>\n\t\t<div id='gallery-1' class='gallery galleryid-3555 gallery-columns-3 gallery-size-thumbnail'><dl class='gallery-item'>\n\t\t\t<dt class='gallery-icon landscape'>\n\t\t\t\t<a href='http:\/\/www.tenis-krka.org\/?attachment_id=3556'><img loading=\"lazy\" decoding=\"async\" width=\"150\" height=\"150\" src=\"http:\/\/www.tenis-krka.org\/wp-content\/uploads\/2019\/04\/\u010cLANI-TK-KRKA-OTO\u010cEC-150x150.jpg\" class=\"attachment-thumbnail size-thumbnail\" alt=\"\" aria-describedby=\"gallery-1-3556\" \/><\/a>\n\t\t\t<\/dt>\n\t\t\t\t<dd class='wp-caption-text gallery-caption' id='gallery-1-3556'>\n\t\t\t\t\u010cLANI  TK  KRKA  OTO\u010cEC NA  SRE\u010cANJU\n\t\t\t\t<\/dd><\/dl><dl class='gallery-item'>\n\t\t\t<dt class='gallery-icon landscape'>\n\t\t\t\t<a href='http:\/\/www.tenis-krka.org\/?attachment_id=3557'><img loading=\"lazy\" decoding=\"async\" width=\"150\" height=\"150\" src=\"http:\/\/www.tenis-krka.org\/wp-content\/uploads\/2019\/04\/DOBITNIK-PRIZNANAJ-RETELJ-MARKO-150x150.jpg\" class=\"attachment-thumbnail size-thumbnail\" alt=\"\" aria-describedby=\"gallery-1-3557\" \/><\/a>\n\t\t\t<\/dt>\n\t\t\t\t<dd class='wp-caption-text gallery-caption' id='gallery-1-3557'>\n\t\t\t\tDOBTNIK PRIZNANJA  MARKO  RETELJ, PRIUNANJE  PREVZEL  BRAT  JANI\n\t\t\t\t<\/dd><\/dl><dl class='gallery-item'>\n\t\t\t<dt class='gallery-icon landscape'>\n\t\t\t\t<a href='http:\/\/www.tenis-krka.org\/?attachment_id=3558'><img loading=\"lazy\" decoding=\"async\" width=\"150\" height=\"150\" src=\"http:\/\/www.tenis-krka.org\/wp-content\/uploads\/2019\/04\/VSI-UDELE\u017dENCI-SRE\u010cANJA-150x150.jpg\" class=\"attachment-thumbnail size-thumbnail\" alt=\"\" aria-describedby=\"gallery-1-3558\" \/><\/a>\n\t\t\t<\/dt>\n\t\t\t\t<dd class='wp-caption-text gallery-caption' id='gallery-1-3558'>\n\t\t\t\tVSI  UDELE\u017dENCI  SRE\u010cANJA\n\t\t\t\t<\/dd><\/dl><br style=\"clear: both\" \/>\n\t\t<\/div>\n13. sre\u010danje s Krkinimi sponzoriranci<\/p>\n","protected":false},"excerpt":{"rendered":"<p>V Krki razglasili mlade talente 2018 Novo mesto, 27. marec 2019 \u2013 V Krki so na 13. sre\u010danju s sponzoriranci trem izjemnim mladim posameznikom, uspe\u0161nim na \u0161portnem in kulturnem podro\u010dju, \u017ee tretji\u010d zapored podelili Krkino priznanje talent leta 2018. Dogodka se je udele\u017eilo 200 predstavnikov klubov in dru\u0161tev, med njimi tudi 110 mladih \u0161portnikov, glasbenikov [&hellip;]<\/p>\n","protected":false},"author":10,"featured_media":0,"comment_status":"closed","ping_status":"open","sticky":false,"template":"","format":"standard","meta":{"ngg_post_thumbnail":0,"footnotes":""},"categories":[4,6,1],"tags":[],"class_list":["post-3555","post","type-post","status-publish","format-standard","hentry","category-dog","category-rezult","category-uncategorized"],"aioseo_notices":[],"_links":{"self":[{"href":"http:\/\/www.tenis-krka.org\/index.php?rest_route=\/wp\/v2\/posts\/3555","targetHints":{"allow":["GET"]}}],"collection":[{"href":"http:\/\/www.tenis-krka.org\/index.php?rest_route=\/wp\/v2\/posts"}],"about":[{"href":"http:\/\/www.tenis-krka.org\/index.php?rest_route=\/wp\/v2\/types\/post"}],"author":[{"embeddable":true,"href":"http:\/\/www.tenis-krka.org\/index.php?rest_route=\/wp\/v2\/users\/10"}],"replies":[{"embeddable":true,"href":"http:\/\/www.tenis-krka.org\/index.php?rest_route=%2Fwp%2Fv2%2Fcomments&post=3555"}],"version-history":[{"count":1,"href":"http:\/\/www.tenis-krka.org\/index.php?rest_route=\/wp\/v2\/posts\/3555\/revisions"}],"predecessor-version":[{"id":3559,"href":"http:\/\/www.tenis-krka.org\/index.php?rest_route=\/wp\/v2\/posts\/3555\/revisions\/3559"}],"wp:attachment":[{"href":"http:\/\/www.tenis-krka.org\/index.php?rest_route=%2Fwp%2Fv2%2Fmedia&parent=3555"}],"wp:term":[{"taxonomy":"category","embeddable":true,"href":"http:\/\/www.tenis-krka.org\/index.php?rest_route=%2Fwp%2Fv2%2Fcategories&post=3555"},{"taxonomy":"post_tag","embeddable":true,"href":"http:\/\/www.tenis-krka.org\/index.php?rest_route=%2Fwp%2Fv2%2Ftags&post=3555"}],"curies":[{"name":"wp","href":"https:\/\/api.w.org\/{rel}","templated":true}]}}