{"id":3549,"date":"2019-02-20T21:12:29","date_gmt":"2019-02-20T19:12:29","guid":{"rendered":"http:\/\/www.tenis-krka.org\/?p=3549"},"modified":"2019-05-27T15:15:55","modified_gmt":"2019-05-27T13:15:55","slug":"sportnik-leta-2018","status":"publish","type":"post","link":"http:\/\/www.tenis-krka.org\/?p=3549","title":{"rendered":"\u0161portnik  leta  2018"},"content":{"rendered":"<p>Na prireditvi \u00bb\u0160portnik leta 2018\u00ab  v Mestni ob\u010dini Novo mesto, ki je potekala v Kulturnem centru Janeza Trdine,<br \/>\n19. februarja  2019,  je bila za najbolj\u0161o \u0161portnico razgla\u0161ena  \u010dlanica  TENI\u0160KEGA  KLUBA KRKA  OTO\u010cEC<br \/>\n\u017diva Falkner.<\/p>\n<p>ISKRENE  \u010cESTITKE<br \/>\n\n\t\t<style type=\"text\/css\">\n\t\t\t#gallery-1 {\n\t\t\t\tmargin: auto;\n\t\t\t}\n\t\t\t#gallery-1 .gallery-item {\n\t\t\t\tfloat: left;\n\t\t\t\tmargin-top: 10px;\n\t\t\t\ttext-align: center;\n\t\t\t\twidth: 33%;\n\t\t\t}\n\t\t\t#gallery-1 img {\n\t\t\t\tborder: 2px solid #cfcfcf;\n\t\t\t}\n\t\t\t#gallery-1 .gallery-caption {\n\t\t\t\tmargin-left: 0;\n\t\t\t}\n\t\t\t\/* see gallery_shortcode() in wp-includes\/media.php *\/\n\t\t<\/style>\n\t\t<div id='gallery-1' class='gallery galleryid-3549 gallery-columns-3 gallery-size-thumbnail'><dl class='gallery-item'>\n\t\t\t<dt class='gallery-icon landscape'>\n\t\t\t\t<a href='http:\/\/www.tenis-krka.org\/?attachment_id=3550'><img loading=\"lazy\" decoding=\"async\" width=\"150\" height=\"150\" src=\"http:\/\/www.tenis-krka.org\/wp-content\/uploads\/2019\/02\/\u017dIVA-FALKNER-150x150.jpg\" class=\"attachment-thumbnail size-thumbnail\" alt=\"\" aria-describedby=\"gallery-1-3550\" \/><\/a>\n\t\t\t<\/dt>\n\t\t\t\t<dd class='wp-caption-text gallery-caption' id='gallery-1-3550'>\n\t\t\t\t\u0160PORTNICA  LETA  2018\n\t\t\t\t<\/dd><\/dl>\n\t\t\t<br style='clear: both' \/>\n\t\t<\/div>\n<\/p>\n","protected":false},"excerpt":{"rendered":"<p>Na prireditvi \u00bb\u0160portnik leta 2018\u00ab v Mestni ob\u010dini Novo mesto, ki je potekala v Kulturnem centru Janeza Trdine, 19. februarja 2019, je bila za najbolj\u0161o \u0161portnico razgla\u0161ena \u010dlanica TENI\u0160KEGA KLUBA KRKA OTO\u010cEC \u017diva Falkner. ISKRENE \u010cESTITKE<\/p>\n","protected":false},"author":10,"featured_media":0,"comment_status":"closed","ping_status":"open","sticky":false,"template":"","format":"standard","meta":{"ngg_post_thumbnail":0,"footnotes":""},"categories":[4,28,6,5,1],"tags":[],"class_list":["post-3549","post","type-post","status-publish","format-standard","hentry","category-dog","category-napovednik","category-rezult","category-tekm","category-uncategorized"],"aioseo_notices":[],"_links":{"self":[{"href":"http:\/\/www.tenis-krka.org\/index.php?rest_route=\/wp\/v2\/posts\/3549","targetHints":{"allow":["GET"]}}],"collection":[{"href":"http:\/\/www.tenis-krka.org\/index.php?rest_route=\/wp\/v2\/posts"}],"about":[{"href":"http:\/\/www.tenis-krka.org\/index.php?rest_route=\/wp\/v2\/types\/post"}],"author":[{"embeddable":true,"href":"http:\/\/www.tenis-krka.org\/index.php?rest_route=\/wp\/v2\/users\/10"}],"replies":[{"embeddable":true,"href":"http:\/\/www.tenis-krka.org\/index.php?rest_route=%2Fwp%2Fv2%2Fcomments&post=3549"}],"version-history":[{"count":3,"href":"http:\/\/www.tenis-krka.org\/index.php?rest_route=\/wp\/v2\/posts\/3549\/revisions"}],"predecessor-version":[{"id":3553,"href":"http:\/\/www.tenis-krka.org\/index.php?rest_route=\/wp\/v2\/posts\/3549\/revisions\/3553"}],"wp:attachment":[{"href":"http:\/\/www.tenis-krka.org\/index.php?rest_route=%2Fwp%2Fv2%2Fmedia&parent=3549"}],"wp:term":[{"taxonomy":"category","embeddable":true,"href":"http:\/\/www.tenis-krka.org\/index.php?rest_route=%2Fwp%2Fv2%2Fcategories&post=3549"},{"taxonomy":"post_tag","embeddable":true,"href":"http:\/\/www.tenis-krka.org\/index.php?rest_route=%2Fwp%2Fv2%2Ftags&post=3549"}],"curies":[{"name":"wp","href":"https:\/\/api.w.org\/{rel}","templated":true}]}}