{"id":3541,"date":"2019-02-13T17:42:11","date_gmt":"2019-02-13T15:42:11","guid":{"rendered":"http:\/\/www.tenis-krka.org\/?p=3541"},"modified":"2019-05-27T15:15:55","modified_gmt":"2019-05-27T13:15:55","slug":"mini-in-midi-turnir-v-krskem","status":"publish","type":"post","link":"http:\/\/www.tenis-krka.org\/?p=3541","title":{"rendered":"MINI IN MIDI TURNIR  V Kr\u0161kem"},"content":{"rendered":"\n\t\t<style type=\"text\/css\">\n\t\t\t#gallery-1 {\n\t\t\t\tmargin: auto;\n\t\t\t}\n\t\t\t#gallery-1 .gallery-item {\n\t\t\t\tfloat: left;\n\t\t\t\tmargin-top: 10px;\n\t\t\t\ttext-align: center;\n\t\t\t\twidth: 33%;\n\t\t\t}\n\t\t\t#gallery-1 img {\n\t\t\t\tborder: 2px solid #cfcfcf;\n\t\t\t}\n\t\t\t#gallery-1 .gallery-caption {\n\t\t\t\tmargin-left: 0;\n\t\t\t}\n\t\t\t\/* see gallery_shortcode() in wp-includes\/media.php *\/\n\t\t<\/style>\n\t\t<div id='gallery-1' class='gallery galleryid-3541 gallery-columns-3 gallery-size-thumbnail'><dl class='gallery-item'>\n\t\t\t<dt class='gallery-icon landscape'>\n\t\t\t\t<a href='http:\/\/www.tenis-krka.org\/?attachment_id=3515'><img loading=\"lazy\" decoding=\"async\" width=\"150\" height=\"150\" src=\"http:\/\/www.tenis-krka.org\/wp-content\/uploads\/2019\/02\/TENI\u0160KA-\u0160OLA-TENI\u0160KI-VRTEC-KR\u0160KO-26.1.2019-mini-midi-in-veliki-tenis.-150x150.jpg\" class=\"attachment-thumbnail size-thumbnail\" alt=\"\" \/><\/a>\n\t\t\t<\/dt><\/dl>\n\t\t\t<br style='clear: both' \/>\n\t\t<\/div>\n\n<p>Deset  otrok, ki vadijo v TK KRKA OTO\u010cEC, v teni\u0161ki  \u0161oli  in  teni\u0161kem vrtcu<br \/>\nse je 26. januar 2019 v Kr\u0161kem udele\u017eilo prvega  mini in midi turnirja.<br \/>\n\u010cESTITAMO  ZA  ODLI\u010cNO  UDELE\u017dBO!<\/p>\n","protected":false},"excerpt":{"rendered":"<p>Deset otrok, ki vadijo v TK KRKA OTO\u010cEC, v teni\u0161ki \u0161oli in teni\u0161kem vrtcu se je 26. januar 2019 v Kr\u0161kem udele\u017eilo prvega mini in midi turnirja. \u010cESTITAMO ZA ODLI\u010cNO UDELE\u017dBO!<\/p>\n","protected":false},"author":10,"featured_media":0,"comment_status":"closed","ping_status":"open","sticky":false,"template":"","format":"standard","meta":{"ngg_post_thumbnail":0,"footnotes":""},"categories":[4,31,28,20,6,7,1],"tags":[],"class_list":["post-3541","post","type-post","status-publish","format-standard","hentry","category-dog","category-lige","category-napovednik","category-turnirji","category-rezult","category-tsola","category-uncategorized"],"aioseo_notices":[],"_links":{"self":[{"href":"http:\/\/www.tenis-krka.org\/index.php?rest_route=\/wp\/v2\/posts\/3541","targetHints":{"allow":["GET"]}}],"collection":[{"href":"http:\/\/www.tenis-krka.org\/index.php?rest_route=\/wp\/v2\/posts"}],"about":[{"href":"http:\/\/www.tenis-krka.org\/index.php?rest_route=\/wp\/v2\/types\/post"}],"author":[{"embeddable":true,"href":"http:\/\/www.tenis-krka.org\/index.php?rest_route=\/wp\/v2\/users\/10"}],"replies":[{"embeddable":true,"href":"http:\/\/www.tenis-krka.org\/index.php?rest_route=%2Fwp%2Fv2%2Fcomments&post=3541"}],"version-history":[{"count":3,"href":"http:\/\/www.tenis-krka.org\/index.php?rest_route=\/wp\/v2\/posts\/3541\/revisions"}],"predecessor-version":[{"id":3544,"href":"http:\/\/www.tenis-krka.org\/index.php?rest_route=\/wp\/v2\/posts\/3541\/revisions\/3544"}],"wp:attachment":[{"href":"http:\/\/www.tenis-krka.org\/index.php?rest_route=%2Fwp%2Fv2%2Fmedia&parent=3541"}],"wp:term":[{"taxonomy":"category","embeddable":true,"href":"http:\/\/www.tenis-krka.org\/index.php?rest_route=%2Fwp%2Fv2%2Fcategories&post=3541"},{"taxonomy":"post_tag","embeddable":true,"href":"http:\/\/www.tenis-krka.org\/index.php?rest_route=%2Fwp%2Fv2%2Ftags&post=3541"}],"curies":[{"name":"wp","href":"https:\/\/api.w.org\/{rel}","templated":true}]}}