{"id":3535,"date":"2019-02-13T17:34:55","date_gmt":"2019-02-13T15:34:55","guid":{"rendered":"http:\/\/www.tenis-krka.org\/?p=3535"},"modified":"2019-05-27T15:15:55","modified_gmt":"2019-05-27T13:15:55","slug":"ziva-falkner-paraguay-2019","status":"publish","type":"post","link":"http:\/\/www.tenis-krka.org\/?p=3535","title":{"rendered":"\u017dIVA  FALKNER PARAGUAY 2019"},"content":{"rendered":"\n\t\t<style type=\"text\/css\">\n\t\t\t#gallery-1 {\n\t\t\t\tmargin: auto;\n\t\t\t}\n\t\t\t#gallery-1 .gallery-item {\n\t\t\t\tfloat: left;\n\t\t\t\tmargin-top: 10px;\n\t\t\t\ttext-align: center;\n\t\t\t\twidth: 33%;\n\t\t\t}\n\t\t\t#gallery-1 img {\n\t\t\t\tborder: 2px solid #cfcfcf;\n\t\t\t}\n\t\t\t#gallery-1 .gallery-caption {\n\t\t\t\tmargin-left: 0;\n\t\t\t}\n\t\t\t\/* see gallery_shortcode() in wp-includes\/media.php *\/\n\t\t<\/style>\n\t\t<div id='gallery-1' class='gallery galleryid-3535 gallery-columns-3 gallery-size-thumbnail'><dl class='gallery-item'>\n\t\t\t<dt class='gallery-icon portrait'>\n\t\t\t\t<a href='http:\/\/www.tenis-krka.org\/?attachment_id=3514'><img loading=\"lazy\" decoding=\"async\" width=\"150\" height=\"150\" src=\"http:\/\/www.tenis-krka.org\/wp-content\/uploads\/2019\/02\/PARAGUAY-\u017dIVA-7.-2.-2019.msg_-150x150.jpg\" class=\"attachment-thumbnail size-thumbnail\" alt=\"\" \/><\/a>\n\t\t\t<\/dt><\/dl>\n\t\t\t<br style='clear: both' \/>\n\t\t<\/div>\n\n<p>\u017dIVA Falkner v februarju 2019  nadaljjuje z  tekmovanji  na<br \/>\nITF LAMBARE PARAGUAY 1.RANG do  3. kola.<br \/>\nIGRALA JE TUDI DO POLFINALE dvojic  a  tam  \u017eal zgubila 57,46<\/p>\n<p>5.2.2019<br \/>\nITF LAMBARE PARAGUAY 1.RANG<br \/>\n1.kolo<br \/>\n\u017diva zmagala brez boja<br \/>\n2.kolo<br \/>\n\u017diva-Danilchenko(rus)<br \/>\n64,46,63<br \/>\n7.2.2019<br \/>\nITF LAMBARE PARAGUAY 1.RANG<br \/>\nDVOJICE<br \/>\n1.kolo<br \/>\n\u017diva,Guzman<br \/>\nZmaga brez boja<br \/>\n2.kolo<br \/>\n\u017diva,Guzman<br \/>\nHayashida,Da Silva(bra)<br \/>\n64,62<br \/>\n\u010cETRTFINALE<br \/>\n\u017diva,Guzman<br \/>\nDe Falco,Sieg(usa)<br \/>\n16,62,10\/5<\/p>\n","protected":false},"excerpt":{"rendered":"<p>\u017dIVA Falkner v februarju 2019 nadaljjuje z tekmovanji na ITF LAMBARE PARAGUAY 1.RANG do 3. kola. IGRALA JE TUDI DO POLFINALE dvojic a tam \u017eal zgubila 57,46 5.2.2019 ITF LAMBARE PARAGUAY 1.RANG 1.kolo \u017diva zmagala brez boja 2.kolo \u017diva-Danilchenko(rus) 64,46,63 7.2.2019 ITF LAMBARE PARAGUAY 1.RANG DVOJICE 1.kolo \u017diva,Guzman Zmaga brez boja 2.kolo \u017diva,Guzman Hayashida,Da Silva(bra) [&hellip;]<\/p>\n","protected":false},"author":10,"featured_media":0,"comment_status":"closed","ping_status":"open","sticky":false,"template":"","format":"standard","meta":{"ngg_post_thumbnail":0,"footnotes":""},"categories":[4,31,28,20,6,5],"tags":[],"class_list":["post-3535","post","type-post","status-publish","format-standard","hentry","category-dog","category-lige","category-napovednik","category-turnirji","category-rezult","category-tekm"],"aioseo_notices":[],"_links":{"self":[{"href":"http:\/\/www.tenis-krka.org\/index.php?rest_route=\/wp\/v2\/posts\/3535","targetHints":{"allow":["GET"]}}],"collection":[{"href":"http:\/\/www.tenis-krka.org\/index.php?rest_route=\/wp\/v2\/posts"}],"about":[{"href":"http:\/\/www.tenis-krka.org\/index.php?rest_route=\/wp\/v2\/types\/post"}],"author":[{"embeddable":true,"href":"http:\/\/www.tenis-krka.org\/index.php?rest_route=\/wp\/v2\/users\/10"}],"replies":[{"embeddable":true,"href":"http:\/\/www.tenis-krka.org\/index.php?rest_route=%2Fwp%2Fv2%2Fcomments&post=3535"}],"version-history":[{"count":3,"href":"http:\/\/www.tenis-krka.org\/index.php?rest_route=\/wp\/v2\/posts\/3535\/revisions"}],"predecessor-version":[{"id":3539,"href":"http:\/\/www.tenis-krka.org\/index.php?rest_route=\/wp\/v2\/posts\/3535\/revisions\/3539"}],"wp:attachment":[{"href":"http:\/\/www.tenis-krka.org\/index.php?rest_route=%2Fwp%2Fv2%2Fmedia&parent=3535"}],"wp:term":[{"taxonomy":"category","embeddable":true,"href":"http:\/\/www.tenis-krka.org\/index.php?rest_route=%2Fwp%2Fv2%2Fcategories&post=3535"},{"taxonomy":"post_tag","embeddable":true,"href":"http:\/\/www.tenis-krka.org\/index.php?rest_route=%2Fwp%2Fv2%2Ftags&post=3535"}],"curies":[{"name":"wp","href":"https:\/\/api.w.org\/{rel}","templated":true}]}}