{"id":3507,"date":"2019-02-13T16:54:25","date_gmt":"2019-02-13T14:54:25","guid":{"rendered":"http:\/\/www.tenis-krka.org\/?p=3507"},"modified":"2019-05-27T15:15:55","modified_gmt":"2019-05-27T13:15:55","slug":"ziva-falkner-2018","status":"publish","type":"post","link":"http:\/\/www.tenis-krka.org\/?p=3507","title":{"rendered":"\u017dIVA  FALKNER  2018"},"content":{"rendered":"<p>\u017diva Falkner je odli\u010dno za\u010dela sezono 2018, kar je v prvem trimese\u010dju dokazala na treh mladinskih ITF turnirjih do 18 let. Na prvem, ki je januarja potekal v indijskem Chandigarhu (4. rang), se je med posameznicami uvrstila v polfinale. Na drugem, ki je tudi januarja potekal v Indiji, v New Delhiju (2. rang), je v dvojicah osvojila drugo mesto. Marca se je udele\u017eila ITF turnirja v Firencah, Italija (2. rang), kjer se je med posameznicami prav tako uvrstila v polfinale.<br \/>\n\u017diva Falkner in Tja\u0161a Klevi\u0161ar sta na Evropskem posami\u010dnem prvenstvu, ki je julija potekalo v Moskvi v Ruski federaciji, v starostni kategoriji do 16 let osvojili bronasto medaljo v dvojicah. Med posameznicami je \u017diva nastope zaklju\u010dila v osmini finala.<br \/>\n\u017diva se je septembra na turnirju svetovne mladinske teni\u0161ke lestvice ITF na Lo\u0161inju na Hrva\u0161kem (4. rang) med posameznicami uvrstila vse do finala in osvojila kon\u010dno drugo mesto.<br \/>\n\u017diva je bila ob koncu sezone 2018 izbrana v ekipo najbolj\u0161ih dvanajstih igralk s celega sveta, ki so pod okriljem svetovne mladinske teni\u0161ke zveze nastopale na ameri\u0161ki turneji, ki je zajemala najmo\u010dnej\u0161e turnirje na svetu do 18 let (rang A in rang 1) v Mehiki in na Floridi. \u017diva je pod vodstvom trenerjev ITF pridobila \u0161tevilne neprecenljive izku\u0161nje, saj je imela prilo\u017enosti igrati v najmo\u010dnej\u0161i svetovni mladinski konkurenci deklet do 18 let.<\/p>\n\n\t\t<style type=\"text\/css\">\n\t\t\t#gallery-1 {\n\t\t\t\tmargin: auto;\n\t\t\t}\n\t\t\t#gallery-1 .gallery-item {\n\t\t\t\tfloat: left;\n\t\t\t\tmargin-top: 10px;\n\t\t\t\ttext-align: center;\n\t\t\t\twidth: 33%;\n\t\t\t}\n\t\t\t#gallery-1 img {\n\t\t\t\tborder: 2px solid #cfcfcf;\n\t\t\t}\n\t\t\t#gallery-1 .gallery-caption {\n\t\t\t\tmargin-left: 0;\n\t\t\t}\n\t\t\t\/* see gallery_shortcode() in wp-includes\/media.php *\/\n\t\t<\/style>\n\t\t<div id='gallery-1' class='gallery galleryid-3507 gallery-columns-3 gallery-size-thumbnail'><dl class='gallery-item'>\n\t\t\t<dt class='gallery-icon portrait'>\n\t\t\t\t<a href='http:\/\/www.tenis-krka.org\/?attachment_id=3474'><img loading=\"lazy\" decoding=\"async\" width=\"150\" height=\"150\" src=\"http:\/\/www.tenis-krka.org\/wp-content\/uploads\/2019\/02\/NEW-DELHI-1-150x150.jpg\" class=\"attachment-thumbnail size-thumbnail\" alt=\"\" aria-describedby=\"gallery-1-3474\" \/><\/a>\n\t\t\t<\/dt>\n\t\t\t\t<dd class='wp-caption-text gallery-caption' id='gallery-1-3474'>\n\t\t\t\tNEW DELHI\n\t\t\t\t<\/dd><\/dl><dl class='gallery-item'>\n\t\t\t<dt class='gallery-icon portrait'>\n\t\t\t\t<a href='http:\/\/www.tenis-krka.org\/?attachment_id=3459'><img loading=\"lazy\" decoding=\"async\" width=\"150\" height=\"150\" src=\"http:\/\/www.tenis-krka.org\/wp-content\/uploads\/2019\/02\/MOSKVA-JULIJ-2018-150x150.jpg\" class=\"attachment-thumbnail size-thumbnail\" alt=\"\" aria-describedby=\"gallery-1-3459\" \/><\/a>\n\t\t\t<\/dt>\n\t\t\t\t<dd class='wp-caption-text gallery-caption' id='gallery-1-3459'>\n\t\t\t\tMOSKVA JULIJ  2018\n\t\t\t\t<\/dd><\/dl><dl class='gallery-item'>\n\t\t\t<dt class='gallery-icon portrait'>\n\t\t\t\t<a href='http:\/\/www.tenis-krka.org\/?attachment_id=3458'><img loading=\"lazy\" decoding=\"async\" width=\"150\" height=\"150\" src=\"http:\/\/www.tenis-krka.org\/wp-content\/uploads\/2019\/02\/LO\u0160INJ-SEPTEMBER-2018-150x150.jpg\" class=\"attachment-thumbnail size-thumbnail\" alt=\"\" aria-describedby=\"gallery-1-3458\" \/><\/a>\n\t\t\t<\/dt>\n\t\t\t\t<dd class='wp-caption-text gallery-caption' id='gallery-1-3458'>\n\t\t\t\tLO\u0160INJ  SEPTEMBER 2018\n\t\t\t\t<\/dd><\/dl><br style=\"clear: both\" \/><dl class='gallery-item'>\n\t\t\t<dt class='gallery-icon landscape'>\n\t\t\t\t<a href='http:\/\/www.tenis-krka.org\/?attachment_id=3457'><img loading=\"lazy\" decoding=\"async\" width=\"150\" height=\"150\" src=\"http:\/\/www.tenis-krka.org\/wp-content\/uploads\/2019\/02\/KONEC-SEZONE-2018-MEHIKA-150x150.jpg\" class=\"attachment-thumbnail size-thumbnail\" alt=\"\" aria-describedby=\"gallery-1-3457\" \/><\/a>\n\t\t\t<\/dt>\n\t\t\t\t<dd class='wp-caption-text gallery-caption' id='gallery-1-3457'>\n\t\t\t\tMEHIKA  IN  FLORIDA  OB  KONCU  SEZONE  2018\n\t\t\t\t<\/dd><\/dl><dl class='gallery-item'>\n\t\t\t<dt class='gallery-icon landscape'>\n\t\t\t\t<a href='http:\/\/www.tenis-krka.org\/?attachment_id=3455'><img loading=\"lazy\" decoding=\"async\" width=\"150\" height=\"150\" src=\"http:\/\/www.tenis-krka.org\/wp-content\/uploads\/2019\/02\/KONEC-SEZONE-2018-FLORIDA-150x150.jpg\" class=\"attachment-thumbnail size-thumbnail\" alt=\"\" aria-describedby=\"gallery-1-3455\" \/><\/a>\n\t\t\t<\/dt>\n\t\t\t\t<dd class='wp-caption-text gallery-caption' id='gallery-1-3455'>\n\t\t\t\tMEHIKA  IN  FLORIDA  OB  KONCU  SEZONE  2018\n\t\t\t\t<\/dd><\/dl>\n\t\t\t<br style='clear: both' \/>\n\t\t<\/div>\n\n","protected":false},"excerpt":{"rendered":"<p>\u017diva Falkner je odli\u010dno za\u010dela sezono 2018, kar je v prvem trimese\u010dju dokazala na treh mladinskih ITF turnirjih do 18 let. Na prvem, ki je januarja potekal v indijskem Chandigarhu (4. rang), se je med posameznicami uvrstila v polfinale. Na drugem, ki je tudi januarja potekal v Indiji, v New Delhiju (2. rang), je v [&hellip;]<\/p>\n","protected":false},"author":10,"featured_media":0,"comment_status":"closed","ping_status":"open","sticky":false,"template":"","format":"standard","meta":{"ngg_post_thumbnail":0,"footnotes":""},"categories":[4,31,20,6,5,1],"tags":[],"class_list":["post-3507","post","type-post","status-publish","format-standard","hentry","category-dog","category-lige","category-turnirji","category-rezult","category-tekm","category-uncategorized"],"aioseo_notices":[],"_links":{"self":[{"href":"http:\/\/www.tenis-krka.org\/index.php?rest_route=\/wp\/v2\/posts\/3507","targetHints":{"allow":["GET"]}}],"collection":[{"href":"http:\/\/www.tenis-krka.org\/index.php?rest_route=\/wp\/v2\/posts"}],"about":[{"href":"http:\/\/www.tenis-krka.org\/index.php?rest_route=\/wp\/v2\/types\/post"}],"author":[{"embeddable":true,"href":"http:\/\/www.tenis-krka.org\/index.php?rest_route=\/wp\/v2\/users\/10"}],"replies":[{"embeddable":true,"href":"http:\/\/www.tenis-krka.org\/index.php?rest_route=%2Fwp%2Fv2%2Fcomments&post=3507"}],"version-history":[{"count":2,"href":"http:\/\/www.tenis-krka.org\/index.php?rest_route=\/wp\/v2\/posts\/3507\/revisions"}],"predecessor-version":[{"id":3510,"href":"http:\/\/www.tenis-krka.org\/index.php?rest_route=\/wp\/v2\/posts\/3507\/revisions\/3510"}],"wp:attachment":[{"href":"http:\/\/www.tenis-krka.org\/index.php?rest_route=%2Fwp%2Fv2%2Fmedia&parent=3507"}],"wp:term":[{"taxonomy":"category","embeddable":true,"href":"http:\/\/www.tenis-krka.org\/index.php?rest_route=%2Fwp%2Fv2%2Fcategories&post=3507"},{"taxonomy":"post_tag","embeddable":true,"href":"http:\/\/www.tenis-krka.org\/index.php?rest_route=%2Fwp%2Fv2%2Ftags&post=3507"}],"curies":[{"name":"wp","href":"https:\/\/api.w.org\/{rel}","templated":true}]}}