{"id":3420,"date":"2018-10-01T21:38:50","date_gmt":"2018-10-01T19:38:50","guid":{"rendered":"http:\/\/www.tenis-krka.org\/?p=3420"},"modified":"2019-05-27T15:15:55","modified_gmt":"2019-05-27T13:15:55","slug":"veterani-teniskega-kluba-krka-otocec","status":"publish","type":"post","link":"http:\/\/www.tenis-krka.org\/?p=3420","title":{"rendered":"VETERANI  TENI\u0160KEGA  KLUBA  KRKA  OTO\u010cEC"},"content":{"rendered":"<p>VETERANI  TENI\u0160KEGA  KLUBA  KRKA  OTO\u010cEC<\/p>\n<p>Veterani  \u010dlani  Teni\u0161kega  kluba  Krka  Oto\u010dec so v Posavsko \u2013 dolenjski rekreativni  ligi v tenisu  sezono  2017\/2018 zaklju\u010dili in  v skupini B dosegli  3. mesto.<br \/>\nZ  navdu\u0161enjem  pri\u010dakujejo  novo  sezono, saj  so  v svoje  vrste   povabili  \u0161e  dva  nova  \u010dlana.<\/p>\n<p>Prispevek  pripravil: Bojan  Vernig<\/p>\n<p><a href=\"http:\/\/www.tenis-krka.org\/wp-content\/uploads\/2018\/10\/VETERANI-2018.jpg\"><img loading=\"lazy\" decoding=\"async\" src=\"http:\/\/www.tenis-krka.org\/wp-content\/uploads\/2018\/10\/VETERANI-2018-300x169.jpg\" alt=\"\" width=\"300\" height=\"169\" class=\"alignnone size-medium wp-image-3422\" srcset=\"http:\/\/www.tenis-krka.org\/wp-content\/uploads\/2018\/10\/VETERANI-2018-300x169.jpg 300w, http:\/\/www.tenis-krka.org\/wp-content\/uploads\/2018\/10\/VETERANI-2018-768x432.jpg 768w, http:\/\/www.tenis-krka.org\/wp-content\/uploads\/2018\/10\/VETERANI-2018-1024x576.jpg 1024w\" sizes=\"auto, (max-width: 300px) 100vw, 300px\" \/><\/a><\/p>\n","protected":false},"excerpt":{"rendered":"<p>VETERANI TENI\u0160KEGA KLUBA KRKA OTO\u010cEC Veterani \u010dlani Teni\u0161kega kluba Krka Oto\u010dec so v Posavsko \u2013 dolenjski rekreativni ligi v tenisu sezono 2017\/2018 zaklju\u010dili in v skupini B dosegli 3. mesto. Z navdu\u0161enjem pri\u010dakujejo novo sezono, saj so v svoje vrste povabili \u0161e dva nova \u010dlana. Prispevek pripravil: Bojan Vernig<\/p>\n","protected":false},"author":10,"featured_media":0,"comment_status":"closed","ping_status":"open","sticky":false,"template":"","format":"standard","meta":{"ngg_post_thumbnail":0,"footnotes":""},"categories":[4,31,1,32],"tags":[],"class_list":["post-3420","post","type-post","status-publish","format-standard","hentry","category-dog","category-lige","category-uncategorized","category-veteranska-sekcija"],"aioseo_notices":[],"_links":{"self":[{"href":"http:\/\/www.tenis-krka.org\/index.php?rest_route=\/wp\/v2\/posts\/3420","targetHints":{"allow":["GET"]}}],"collection":[{"href":"http:\/\/www.tenis-krka.org\/index.php?rest_route=\/wp\/v2\/posts"}],"about":[{"href":"http:\/\/www.tenis-krka.org\/index.php?rest_route=\/wp\/v2\/types\/post"}],"author":[{"embeddable":true,"href":"http:\/\/www.tenis-krka.org\/index.php?rest_route=\/wp\/v2\/users\/10"}],"replies":[{"embeddable":true,"href":"http:\/\/www.tenis-krka.org\/index.php?rest_route=%2Fwp%2Fv2%2Fcomments&post=3420"}],"version-history":[{"count":2,"href":"http:\/\/www.tenis-krka.org\/index.php?rest_route=\/wp\/v2\/posts\/3420\/revisions"}],"predecessor-version":[{"id":3425,"href":"http:\/\/www.tenis-krka.org\/index.php?rest_route=\/wp\/v2\/posts\/3420\/revisions\/3425"}],"wp:attachment":[{"href":"http:\/\/www.tenis-krka.org\/index.php?rest_route=%2Fwp%2Fv2%2Fmedia&parent=3420"}],"wp:term":[{"taxonomy":"category","embeddable":true,"href":"http:\/\/www.tenis-krka.org\/index.php?rest_route=%2Fwp%2Fv2%2Fcategories&post=3420"},{"taxonomy":"post_tag","embeddable":true,"href":"http:\/\/www.tenis-krka.org\/index.php?rest_route=%2Fwp%2Fv2%2Ftags&post=3420"}],"curies":[{"name":"wp","href":"https:\/\/api.w.org\/{rel}","templated":true}]}}