{"id":3399,"date":"2018-06-30T00:55:21","date_gmt":"2018-06-29T22:55:21","guid":{"rendered":"http:\/\/www.tenis-krka.org\/?p=3399"},"modified":"2019-05-27T15:15:56","modified_gmt":"2019-05-27T13:15:56","slug":"na-otoccu-mednarodni-teniski-turnir-tennis-europe-od-30-6-2018-do-8-7-2018","status":"publish","type":"post","link":"http:\/\/www.tenis-krka.org\/?p=3399","title":{"rendered":"NA OTO\u010cCU MEDNARODNI TENI\u0160KI TURNIR TENNIS EUROPE   OD  30.6.2018 DO  8.7.2018"},"content":{"rendered":"<p>Spo\u0161tovani ljubitelji teni\u0161ke igre<br \/>\nVljudno vabljeni na ogled mednarodnega teni\u0161kega turnirja Tennis Europe v starostni kategoriji do 12 let , ki bo potekal na Oto\u010dcu od sobote 30. junija 2018 do nedelje 8.julija 2018, s pri\u010detkom ob 12. uri. Nastopili bodo tudi \u010dlani Teni\u0161kega kluba Krka Oto\u010dec.<br \/>\n\n\t\t<style type=\"text\/css\">\n\t\t\t#gallery-1 {\n\t\t\t\tmargin: auto;\n\t\t\t}\n\t\t\t#gallery-1 .gallery-item {\n\t\t\t\tfloat: left;\n\t\t\t\tmargin-top: 10px;\n\t\t\t\ttext-align: center;\n\t\t\t\twidth: 33%;\n\t\t\t}\n\t\t\t#gallery-1 img {\n\t\t\t\tborder: 2px solid #cfcfcf;\n\t\t\t}\n\t\t\t#gallery-1 .gallery-caption {\n\t\t\t\tmargin-left: 0;\n\t\t\t}\n\t\t\t\/* see gallery_shortcode() in wp-includes\/media.php *\/\n\t\t<\/style>\n\t\t<div id='gallery-1' class='gallery galleryid-3399 gallery-columns-3 gallery-size-thumbnail'><dl class='gallery-item'>\n\t\t\t<dt class='gallery-icon portrait'>\n\t\t\t\t<a href='http:\/\/www.tenis-krka.org\/?attachment_id=3402'><img loading=\"lazy\" decoding=\"async\" width=\"150\" height=\"150\" src=\"http:\/\/www.tenis-krka.org\/wp-content\/uploads\/2018\/06\/PLAKAT-TENIS-EUROPE-1-150x150.jpg\" class=\"attachment-thumbnail size-thumbnail\" alt=\"\" \/><\/a>\n\t\t\t<\/dt><\/dl><dl class='gallery-item'>\n\t\t\t<dt class='gallery-icon portrait'>\n\t\t\t\t<a href='http:\/\/www.tenis-krka.org\/?attachment_id=3403'><img loading=\"lazy\" decoding=\"async\" width=\"150\" height=\"150\" src=\"http:\/\/www.tenis-krka.org\/wp-content\/uploads\/2018\/06\/PLAKAT-1-150x150.jpg\" class=\"attachment-thumbnail size-thumbnail\" alt=\"\" \/><\/a>\n\t\t\t<\/dt><\/dl>\n\t\t\t<br style='clear: both' \/>\n\t\t<\/div>\n<\/p>\n","protected":false},"excerpt":{"rendered":"<p>Spo\u0161tovani ljubitelji teni\u0161ke igre Vljudno vabljeni na ogled mednarodnega teni\u0161kega turnirja Tennis Europe v starostni kategoriji do 12 let , ki bo potekal na Oto\u010dcu od sobote 30. junija 2018 do nedelje 8.julija 2018, s pri\u010detkom ob 12. uri. Nastopili bodo tudi \u010dlani Teni\u0161kega kluba Krka Oto\u010dec.<\/p>\n","protected":false},"author":10,"featured_media":0,"comment_status":"closed","ping_status":"open","sticky":false,"template":"","format":"standard","meta":{"ngg_post_thumbnail":0,"footnotes":""},"categories":[4,31,28,5,1],"tags":[],"class_list":["post-3399","post","type-post","status-publish","format-standard","hentry","category-dog","category-lige","category-napovednik","category-tekm","category-uncategorized"],"aioseo_notices":[],"_links":{"self":[{"href":"http:\/\/www.tenis-krka.org\/index.php?rest_route=\/wp\/v2\/posts\/3399","targetHints":{"allow":["GET"]}}],"collection":[{"href":"http:\/\/www.tenis-krka.org\/index.php?rest_route=\/wp\/v2\/posts"}],"about":[{"href":"http:\/\/www.tenis-krka.org\/index.php?rest_route=\/wp\/v2\/types\/post"}],"author":[{"embeddable":true,"href":"http:\/\/www.tenis-krka.org\/index.php?rest_route=\/wp\/v2\/users\/10"}],"replies":[{"embeddable":true,"href":"http:\/\/www.tenis-krka.org\/index.php?rest_route=%2Fwp%2Fv2%2Fcomments&post=3399"}],"version-history":[{"count":3,"href":"http:\/\/www.tenis-krka.org\/index.php?rest_route=\/wp\/v2\/posts\/3399\/revisions"}],"predecessor-version":[{"id":3406,"href":"http:\/\/www.tenis-krka.org\/index.php?rest_route=\/wp\/v2\/posts\/3399\/revisions\/3406"}],"wp:attachment":[{"href":"http:\/\/www.tenis-krka.org\/index.php?rest_route=%2Fwp%2Fv2%2Fmedia&parent=3399"}],"wp:term":[{"taxonomy":"category","embeddable":true,"href":"http:\/\/www.tenis-krka.org\/index.php?rest_route=%2Fwp%2Fv2%2Fcategories&post=3399"},{"taxonomy":"post_tag","embeddable":true,"href":"http:\/\/www.tenis-krka.org\/index.php?rest_route=%2Fwp%2Fv2%2Ftags&post=3399"}],"curies":[{"name":"wp","href":"https:\/\/api.w.org\/{rel}","templated":true}]}}