{"id":3390,"date":"2018-04-21T23:30:49","date_gmt":"2018-04-21T21:30:49","guid":{"rendered":"http:\/\/www.tenis-krka.org\/?p=3390"},"modified":"2019-05-27T15:15:56","modified_gmt":"2019-05-27T13:15:56","slug":"dan-zemlje-petek-20-april-2018","status":"publish","type":"post","link":"http:\/\/www.tenis-krka.org\/?p=3390","title":{"rendered":"DAN ZEMLJE, PETEK 20. APRIL  2018"},"content":{"rendered":"<p>V nedeljo, 22. april 2018 obele\u017eujemo Svetovni dan Zemlje.<br \/>\n\u017de v petek 20. aprila 2018 so se na novome\u0161kem Novem trgu v sodelovanju  Komunale Novo mesto, Cerod in MO Novo mesto zavzeli za \u010disto okolje, zdrav na\u010din \u017eivljenja in odgovorno ravnanje z okoljem. Na stojnicah  so  se predstavile  vse  novome\u0161ke   osnovne \u0161ole.<br \/>\nNa  prireditvi  je  sodeloval  tudi  Teni\u0161ki  klub  Krka  Oto\u010dec.<br \/>\nTrener  Du\u0161an  Ho\u010devar  je  otrokom na  delavnici  prikazal  teni\u0161ko  igro in  otroke  povabil  da  se  pridru\u017eijo  treningom tenisa  na  Oto\u010dcu.<br \/>\n\n\t\t<style type=\"text\/css\">\n\t\t\t#gallery-1 {\n\t\t\t\tmargin: auto;\n\t\t\t}\n\t\t\t#gallery-1 .gallery-item {\n\t\t\t\tfloat: left;\n\t\t\t\tmargin-top: 10px;\n\t\t\t\ttext-align: center;\n\t\t\t\twidth: 33%;\n\t\t\t}\n\t\t\t#gallery-1 img {\n\t\t\t\tborder: 2px solid #cfcfcf;\n\t\t\t}\n\t\t\t#gallery-1 .gallery-caption {\n\t\t\t\tmargin-left: 0;\n\t\t\t}\n\t\t\t\/* see gallery_shortcode() in wp-includes\/media.php *\/\n\t\t<\/style>\n\t\t<div id='gallery-1' class='gallery galleryid-3390 gallery-columns-3 gallery-size-thumbnail'><dl class='gallery-item'>\n\t\t\t<dt class='gallery-icon landscape'>\n\t\t\t\t<a href='http:\/\/www.tenis-krka.org\/?attachment_id=3391'><img loading=\"lazy\" decoding=\"async\" width=\"150\" height=\"150\" src=\"http:\/\/www.tenis-krka.org\/wp-content\/uploads\/2018\/04\/DAN-ZEMLJE-20.4.2018-150x150.jpg\" class=\"attachment-thumbnail size-thumbnail\" alt=\"\" \/><\/a>\n\t\t\t<\/dt><\/dl><dl class='gallery-item'>\n\t\t\t<dt class='gallery-icon landscape'>\n\t\t\t\t<a href='http:\/\/www.tenis-krka.org\/?attachment_id=3393'><img loading=\"lazy\" decoding=\"async\" width=\"150\" height=\"150\" src=\"http:\/\/www.tenis-krka.org\/wp-content\/uploads\/2018\/04\/DAN-ZEMLJE-150x150.jpg\" class=\"attachment-thumbnail size-thumbnail\" alt=\"\" \/><\/a>\n\t\t\t<\/dt><\/dl><dl class='gallery-item'>\n\t\t\t<dt class='gallery-icon portrait'>\n\t\t\t\t<a href='http:\/\/www.tenis-krka.org\/?attachment_id=3392'><img loading=\"lazy\" decoding=\"async\" width=\"150\" height=\"150\" src=\"http:\/\/www.tenis-krka.org\/wp-content\/uploads\/2018\/04\/DAN-ZEMLJE-NOVI-TRG-150x150.jpg\" class=\"attachment-thumbnail size-thumbnail\" alt=\"\" \/><\/a>\n\t\t\t<\/dt><\/dl><br style=\"clear: both\" \/>\n\t\t<\/div>\n<\/p>\n","protected":false},"excerpt":{"rendered":"<p>V nedeljo, 22. april 2018 obele\u017eujemo Svetovni dan Zemlje. \u017de v petek 20. aprila 2018 so se na novome\u0161kem Novem trgu v sodelovanju Komunale Novo mesto, Cerod in MO Novo mesto zavzeli za \u010disto okolje, zdrav na\u010din \u017eivljenja in odgovorno ravnanje z okoljem. Na stojnicah so se predstavile vse novome\u0161ke osnovne \u0161ole. Na prireditvi je [&hellip;]<\/p>\n","protected":false},"author":10,"featured_media":0,"comment_status":"closed","ping_status":"open","sticky":false,"template":"","format":"standard","meta":{"ngg_post_thumbnail":0,"footnotes":""},"categories":[4,7,30,1],"tags":[],"class_list":["post-3390","post","type-post","status-publish","format-standard","hentry","category-dog","category-tsola","category-teniski-kampi","category-uncategorized"],"aioseo_notices":[],"_links":{"self":[{"href":"http:\/\/www.tenis-krka.org\/index.php?rest_route=\/wp\/v2\/posts\/3390","targetHints":{"allow":["GET"]}}],"collection":[{"href":"http:\/\/www.tenis-krka.org\/index.php?rest_route=\/wp\/v2\/posts"}],"about":[{"href":"http:\/\/www.tenis-krka.org\/index.php?rest_route=\/wp\/v2\/types\/post"}],"author":[{"embeddable":true,"href":"http:\/\/www.tenis-krka.org\/index.php?rest_route=\/wp\/v2\/users\/10"}],"replies":[{"embeddable":true,"href":"http:\/\/www.tenis-krka.org\/index.php?rest_route=%2Fwp%2Fv2%2Fcomments&post=3390"}],"version-history":[{"count":1,"href":"http:\/\/www.tenis-krka.org\/index.php?rest_route=\/wp\/v2\/posts\/3390\/revisions"}],"predecessor-version":[{"id":3397,"href":"http:\/\/www.tenis-krka.org\/index.php?rest_route=\/wp\/v2\/posts\/3390\/revisions\/3397"}],"wp:attachment":[{"href":"http:\/\/www.tenis-krka.org\/index.php?rest_route=%2Fwp%2Fv2%2Fmedia&parent=3390"}],"wp:term":[{"taxonomy":"category","embeddable":true,"href":"http:\/\/www.tenis-krka.org\/index.php?rest_route=%2Fwp%2Fv2%2Fcategories&post=3390"},{"taxonomy":"post_tag","embeddable":true,"href":"http:\/\/www.tenis-krka.org\/index.php?rest_route=%2Fwp%2Fv2%2Ftags&post=3390"}],"curies":[{"name":"wp","href":"https:\/\/api.w.org\/{rel}","templated":true}]}}