{"id":3368,"date":"2018-01-10T00:04:21","date_gmt":"2018-01-09T22:04:21","guid":{"rendered":"http:\/\/www.tenis-krka.org\/?p=3368"},"modified":"2019-05-27T15:15:56","modified_gmt":"2019-05-27T13:15:56","slug":"turnirji-do-12-let","status":"publish","type":"post","link":"http:\/\/www.tenis-krka.org\/?p=3368","title":{"rendered":"TURNIRJI  DO  12 LET"},"content":{"rendered":"<p>Leto 2017, v decembru  so  na\u0161i \u010dlani do 12 let zaklju\u010dili z udele\u017ebo na turnirjih RR do 12 let v Litiji.Tekmovali so:Retelj Marko, David \u0160imc, Pape\u017e Tai Tristan in Aleks Franko.<br \/>\nUvrstili so se v finale. \u010cESTITAMO.<br \/>\nUdele\u017eili  so  se  tudi fin.turnirja  do  12 let  v Ljubljani a  so  v 1. krogu  izpadli. \u010cestitamo  za  udele\u017ebo.<br \/>\n\n\t\t<style type=\"text\/css\">\n\t\t\t#gallery-1 {\n\t\t\t\tmargin: auto;\n\t\t\t}\n\t\t\t#gallery-1 .gallery-item {\n\t\t\t\tfloat: left;\n\t\t\t\tmargin-top: 10px;\n\t\t\t\ttext-align: center;\n\t\t\t\twidth: 33%;\n\t\t\t}\n\t\t\t#gallery-1 img {\n\t\t\t\tborder: 2px solid #cfcfcf;\n\t\t\t}\n\t\t\t#gallery-1 .gallery-caption {\n\t\t\t\tmargin-left: 0;\n\t\t\t}\n\t\t\t\/* see gallery_shortcode() in wp-includes\/media.php *\/\n\t\t<\/style>\n\t\t<div id='gallery-1' class='gallery galleryid-3368 gallery-columns-3 gallery-size-thumbnail'><dl class='gallery-item'>\n\t\t\t<dt class='gallery-icon landscape'>\n\t\t\t\t<a href='http:\/\/www.tenis-krka.org\/?attachment_id=3369'><img loading=\"lazy\" decoding=\"async\" width=\"150\" height=\"150\" src=\"http:\/\/www.tenis-krka.org\/wp-content\/uploads\/2018\/01\/DECEMBER-2017-OP12-LITIJA-150x150.jpg\" class=\"attachment-thumbnail size-thumbnail\" alt=\"\" aria-describedby=\"gallery-1-3369\" \/><\/a>\n\t\t\t<\/dt>\n\t\t\t\t<dd class='wp-caption-text gallery-caption' id='gallery-1-3369'>\n\t\t\t\tRR DO  12 LET\n\t\t\t\t<\/dd><\/dl><dl class='gallery-item'>\n\t\t\t<dt class='gallery-icon landscape'>\n\t\t\t\t<a href='http:\/\/www.tenis-krka.org\/?attachment_id=3370'><img loading=\"lazy\" decoding=\"async\" width=\"150\" height=\"150\" src=\"http:\/\/www.tenis-krka.org\/wp-content\/uploads\/2018\/01\/OP-12-\u0160PORT-PLUS-LJUBLJANA-150x150.jpg\" class=\"attachment-thumbnail size-thumbnail\" alt=\"\" aria-describedby=\"gallery-1-3370\" \/><\/a>\n\t\t\t<\/dt>\n\t\t\t\t<dd class='wp-caption-text gallery-caption' id='gallery-1-3370'>\n\t\t\t\tOP  DO  12 LET\n\t\t\t\t<\/dd><\/dl>\n\t\t\t<br style='clear: both' \/>\n\t\t<\/div>\n<\/p>\n","protected":false},"excerpt":{"rendered":"<p>Leto 2017, v decembru so na\u0161i \u010dlani do 12 let zaklju\u010dili z udele\u017ebo na turnirjih RR do 12 let v Litiji.Tekmovali so:Retelj Marko, David \u0160imc, Pape\u017e Tai Tristan in Aleks Franko. Uvrstili so se v finale. \u010cESTITAMO. Udele\u017eili so se tudi fin.turnirja do 12 let v Ljubljani a so v 1. krogu izpadli. \u010cestitamo za [&hellip;]<\/p>\n","protected":false},"author":10,"featured_media":0,"comment_status":"closed","ping_status":"open","sticky":false,"template":"","format":"standard","meta":{"ngg_post_thumbnail":0,"footnotes":""},"categories":[4,31,20,6,5],"tags":[],"class_list":["post-3368","post","type-post","status-publish","format-standard","hentry","category-dog","category-lige","category-turnirji","category-rezult","category-tekm"],"aioseo_notices":[],"_links":{"self":[{"href":"http:\/\/www.tenis-krka.org\/index.php?rest_route=\/wp\/v2\/posts\/3368","targetHints":{"allow":["GET"]}}],"collection":[{"href":"http:\/\/www.tenis-krka.org\/index.php?rest_route=\/wp\/v2\/posts"}],"about":[{"href":"http:\/\/www.tenis-krka.org\/index.php?rest_route=\/wp\/v2\/types\/post"}],"author":[{"embeddable":true,"href":"http:\/\/www.tenis-krka.org\/index.php?rest_route=\/wp\/v2\/users\/10"}],"replies":[{"embeddable":true,"href":"http:\/\/www.tenis-krka.org\/index.php?rest_route=%2Fwp%2Fv2%2Fcomments&post=3368"}],"version-history":[{"count":3,"href":"http:\/\/www.tenis-krka.org\/index.php?rest_route=\/wp\/v2\/posts\/3368\/revisions"}],"predecessor-version":[{"id":3373,"href":"http:\/\/www.tenis-krka.org\/index.php?rest_route=\/wp\/v2\/posts\/3368\/revisions\/3373"}],"wp:attachment":[{"href":"http:\/\/www.tenis-krka.org\/index.php?rest_route=%2Fwp%2Fv2%2Fmedia&parent=3368"}],"wp:term":[{"taxonomy":"category","embeddable":true,"href":"http:\/\/www.tenis-krka.org\/index.php?rest_route=%2Fwp%2Fv2%2Fcategories&post=3368"},{"taxonomy":"post_tag","embeddable":true,"href":"http:\/\/www.tenis-krka.org\/index.php?rest_route=%2Fwp%2Fv2%2Ftags&post=3368"}],"curies":[{"name":"wp","href":"https:\/\/api.w.org\/{rel}","templated":true}]}}