{"id":3326,"date":"2017-12-02T23:39:23","date_gmt":"2017-12-02T21:39:23","guid":{"rendered":"http:\/\/www.tenis-krka.org\/?p=3326"},"modified":"2019-05-27T15:15:56","modified_gmt":"2019-05-27T13:15:56","slug":"tekmovanje-euroregione-2017","status":"publish","type":"post","link":"http:\/\/www.tenis-krka.org\/?p=3326","title":{"rendered":"TEKMOVANJE  EUROREGIONE  2017"},"content":{"rendered":"<p>TEKMOVANJE  EUROREGIONE  2017<\/p>\n<p>25.11.2017<br \/>\nMatko  RETELJ,  \u010dlan  TK KRKA Oto\u010dec je skupaj  z  Zalo VNUK, Nala KOVA\u010cI\u010c in Lukom ALBREHT nastopal  na ekipnem tekmovanju Euroregione 2017 v Italiji, do  10 let, za  slovensko  reprezentanco. Na tekmovanju so poleg Slovenije nastopale ekipe Hrva\u0161ke, Avstrije-Koro\u0161ke in ekipe petih italjanskih pokrajin (Bene\u010dije,Trenta,Emilige Romagne in Tarvisia).<br \/>\nTekmovanja se je odvijalo po sistemu dve tekmi posamezno deklice in de\u010dki ter dve tekmi dvojic.<br \/>\nNa\u0161i igralci in igralke so se odli\u010dnio predstavili in na koncu prepri\u010dljivo osvojili prvo mesto.<br \/>\nV prvem krogu so s 6-0 premagali Bene\u010dijo, nasprotnikom nasprotnicam pa so v posami\u010dni obra\u010dunih oddali samo igro ali dve.<br \/>\nV polfinalu je na\u0161a ekipa s 5-1 premagala vrstnike in vrstnice iz Koro\u0161ke in se je v finalu pomerila z ekipo Emilo Regione, ki je bila v drugem polfinalu s 5-1 bolj\u0161a od mladih igralcev in igralk iz Hrva\u0161ke.<br \/>\nTudi v finalu so bili na\u0161i de\u010dki in deklice precej bolj\u0161i od vrstnikov in so zmagali s 5-1 ter osvojili kon\u010dno 1. mesto. \u010cestitamo!<br \/>\n\n\t\t<style type=\"text\/css\">\n\t\t\t#gallery-1 {\n\t\t\t\tmargin: auto;\n\t\t\t}\n\t\t\t#gallery-1 .gallery-item {\n\t\t\t\tfloat: left;\n\t\t\t\tmargin-top: 10px;\n\t\t\t\ttext-align: center;\n\t\t\t\twidth: 33%;\n\t\t\t}\n\t\t\t#gallery-1 img {\n\t\t\t\tborder: 2px solid #cfcfcf;\n\t\t\t}\n\t\t\t#gallery-1 .gallery-caption {\n\t\t\t\tmargin-left: 0;\n\t\t\t}\n\t\t\t\/* see gallery_shortcode() in wp-includes\/media.php *\/\n\t\t<\/style>\n\t\t<div id='gallery-1' class='gallery galleryid-3326 gallery-columns-3 gallery-size-thumbnail'><dl class='gallery-item'>\n\t\t\t<dt class='gallery-icon portrait'>\n\t\t\t\t<a href='http:\/\/www.tenis-krka.org\/?attachment_id=3327'><img loading=\"lazy\" decoding=\"async\" width=\"150\" height=\"150\" src=\"http:\/\/www.tenis-krka.org\/wp-content\/uploads\/2017\/12\/MARKO-150x150.jpg\" class=\"attachment-thumbnail size-thumbnail\" alt=\"\" aria-describedby=\"gallery-1-3327\" \/><\/a>\n\t\t\t<\/dt>\n\t\t\t\t<dd class='wp-caption-text gallery-caption' id='gallery-1-3327'>\n\t\t\t\tMARKO RETELJ 1. z leve\n\t\t\t\t<\/dd><\/dl>\n\t\t\t<br style='clear: both' \/>\n\t\t<\/div>\n<\/p>\n","protected":false},"excerpt":{"rendered":"<p>TEKMOVANJE EUROREGIONE 2017 25.11.2017 Matko RETELJ, \u010dlan TK KRKA Oto\u010dec je skupaj z Zalo VNUK, Nala KOVA\u010cI\u010c in Lukom ALBREHT nastopal na ekipnem tekmovanju Euroregione 2017 v Italiji, do 10 let, za slovensko reprezentanco. Na tekmovanju so poleg Slovenije nastopale ekipe Hrva\u0161ke, Avstrije-Koro\u0161ke in ekipe petih italjanskih pokrajin (Bene\u010dije,Trenta,Emilige Romagne in Tarvisia). Tekmovanja se je [&hellip;]<\/p>\n","protected":false},"author":10,"featured_media":0,"comment_status":"closed","ping_status":"open","sticky":false,"template":"","format":"standard","meta":{"ngg_post_thumbnail":0,"footnotes":""},"categories":[4,31,28,20,6,5],"tags":[],"class_list":["post-3326","post","type-post","status-publish","format-standard","hentry","category-dog","category-lige","category-napovednik","category-turnirji","category-rezult","category-tekm"],"aioseo_notices":[],"_links":{"self":[{"href":"http:\/\/www.tenis-krka.org\/index.php?rest_route=\/wp\/v2\/posts\/3326","targetHints":{"allow":["GET"]}}],"collection":[{"href":"http:\/\/www.tenis-krka.org\/index.php?rest_route=\/wp\/v2\/posts"}],"about":[{"href":"http:\/\/www.tenis-krka.org\/index.php?rest_route=\/wp\/v2\/types\/post"}],"author":[{"embeddable":true,"href":"http:\/\/www.tenis-krka.org\/index.php?rest_route=\/wp\/v2\/users\/10"}],"replies":[{"embeddable":true,"href":"http:\/\/www.tenis-krka.org\/index.php?rest_route=%2Fwp%2Fv2%2Fcomments&post=3326"}],"version-history":[{"count":2,"href":"http:\/\/www.tenis-krka.org\/index.php?rest_route=\/wp\/v2\/posts\/3326\/revisions"}],"predecessor-version":[{"id":3329,"href":"http:\/\/www.tenis-krka.org\/index.php?rest_route=\/wp\/v2\/posts\/3326\/revisions\/3329"}],"wp:attachment":[{"href":"http:\/\/www.tenis-krka.org\/index.php?rest_route=%2Fwp%2Fv2%2Fmedia&parent=3326"}],"wp:term":[{"taxonomy":"category","embeddable":true,"href":"http:\/\/www.tenis-krka.org\/index.php?rest_route=%2Fwp%2Fv2%2Fcategories&post=3326"},{"taxonomy":"post_tag","embeddable":true,"href":"http:\/\/www.tenis-krka.org\/index.php?rest_route=%2Fwp%2Fv2%2Ftags&post=3326"}],"curies":[{"name":"wp","href":"https:\/\/api.w.org\/{rel}","templated":true}]}}