{"id":3283,"date":"2017-07-13T17:01:55","date_gmt":"2017-07-13T15:01:55","guid":{"rendered":"http:\/\/www.tenis-krka.org\/?p=3283"},"modified":"2019-05-27T15:15:56","modified_gmt":"2019-05-27T13:15:56","slug":"te12-in-te-14","status":"publish","type":"post","link":"http:\/\/www.tenis-krka.org\/?p=3283","title":{"rendered":"TE12 IN  TE 14"},"content":{"rendered":"<p>Na Oto\u010dcu se je kon\u010dal turnir Tennis Europe v starostni kategoriji do 12 let.<br \/>\nOd 02. julija do 8. julija 2017 smo spremljali mlade teni\u0161ke upe iz celega sveta&#8230;.<br \/>\nZmagovalca turnirja TE do 12 let na Oto\u010dcu, pri deklicah Tena Rajki iz Hrva\u0161ke in pri de\u010dkih Mehi\u010dan Rodrigo Pacheco Mendez.<br \/>\nMed doma\u010dimi je bil najbolj uspe\u0161en Jani Retelj , \u010dlan TK Krka Oto\u010dec, ki je zmagal 2 tekmi v glavnem turnirju posamezno in se je plasiral v \u010detrtfinale turnirja dvojic z partnerjem Jakom Golob iz Kranja.<br \/>\nPrvi\u010d sta nastopila tudi Jure Gruden in Luka Gautam, oba \u010dlana TK Krka Oto\u010dec.<\/p>\n<p>V ponedeljek 10. julij 2017, se je na Oto\u010dcu za\u010del \u0161e drugi mednarodni turnir, v starostni kategoriji do 14 let. Tudi tu nastopa cela vrsta tujih in slovenskih igralcev in igralk.<br \/>\nOd \u010dlanov TK KRKA Oto\u010dec bosta nastopila Jakob Kav\u0161ek in Jure Gruden.<br \/>\n\u010cestitke vsem!<a href=\"http:\/\/www.tenis-krka.org\/wp-content\/uploads\/2017\/07\/RETELJ-JANI-TE-12-3.jpg\"><img loading=\"lazy\" decoding=\"async\" src=\"http:\/\/www.tenis-krka.org\/wp-content\/uploads\/2017\/07\/RETELJ-JANI-TE-12-3-169x300.jpg\" alt=\"\" width=\"169\" height=\"300\" class=\"alignnone size-medium wp-image-3288\" srcset=\"http:\/\/www.tenis-krka.org\/wp-content\/uploads\/2017\/07\/RETELJ-JANI-TE-12-3-169x300.jpg 169w, http:\/\/www.tenis-krka.org\/wp-content\/uploads\/2017\/07\/RETELJ-JANI-TE-12-3-576x1024.jpg 576w, http:\/\/www.tenis-krka.org\/wp-content\/uploads\/2017\/07\/RETELJ-JANI-TE-12-3.jpg 720w\" sizes=\"auto, (max-width: 169px) 100vw, 169px\" \/><\/a><\/p>\n<p><a href=\"http:\/\/www.tenis-krka.org\/wp-content\/uploads\/2017\/07\/RETELJ-JANI-TE-12-1.jpg\"><img loading=\"lazy\" decoding=\"async\" src=\"http:\/\/www.tenis-krka.org\/wp-content\/uploads\/2017\/07\/RETELJ-JANI-TE-12-1-169x300.jpg\" alt=\"\" width=\"169\" height=\"300\" class=\"alignnone size-medium wp-image-3287\" srcset=\"http:\/\/www.tenis-krka.org\/wp-content\/uploads\/2017\/07\/RETELJ-JANI-TE-12-1-169x300.jpg 169w, http:\/\/www.tenis-krka.org\/wp-content\/uploads\/2017\/07\/RETELJ-JANI-TE-12-1-576x1024.jpg 576w, http:\/\/www.tenis-krka.org\/wp-content\/uploads\/2017\/07\/RETELJ-JANI-TE-12-1.jpg 720w\" sizes=\"auto, (max-width: 169px) 100vw, 169px\" \/><\/a><br \/>\n<a href=\"http:\/\/www.tenis-krka.org\/wp-content\/uploads\/2017\/07\/20170707_170854.jpg\"><img loading=\"lazy\" decoding=\"async\" src=\"http:\/\/www.tenis-krka.org\/wp-content\/uploads\/2017\/07\/20170707_170854-300x169.jpg\" alt=\"\" width=\"300\" height=\"169\" class=\"alignnone size-medium wp-image-3286\" srcset=\"http:\/\/www.tenis-krka.org\/wp-content\/uploads\/2017\/07\/20170707_170854-300x169.jpg 300w, http:\/\/www.tenis-krka.org\/wp-content\/uploads\/2017\/07\/20170707_170854-768x432.jpg 768w, http:\/\/www.tenis-krka.org\/wp-content\/uploads\/2017\/07\/20170707_170854-1024x576.jpg 1024w\" sizes=\"auto, (max-width: 300px) 100vw, 300px\" \/><\/a><\/p>\n","protected":false},"excerpt":{"rendered":"<p>Na Oto\u010dcu se je kon\u010dal turnir Tennis Europe v starostni kategoriji do 12 let. Od 02. julija do 8. julija 2017 smo spremljali mlade teni\u0161ke upe iz celega sveta&#8230;. Zmagovalca turnirja TE do 12 let na Oto\u010dcu, pri deklicah Tena Rajki iz Hrva\u0161ke in pri de\u010dkih Mehi\u010dan Rodrigo Pacheco Mendez. Med doma\u010dimi je bil najbolj [&hellip;]<\/p>\n","protected":false},"author":10,"featured_media":3287,"comment_status":"closed","ping_status":"open","sticky":false,"template":"","format":"galerija","meta":{"ngg_post_thumbnail":0,"footnotes":""},"categories":[4,28,20,6,5,1],"tags":[],"class_list":["post-3283","post","type-post","status-publish","format-galerija","has-post-thumbnail","hentry","category-dog","category-napovednik","category-turnirji","category-rezult","category-tekm","category-uncategorized","post_format-galerija"],"aioseo_notices":[],"_links":{"self":[{"href":"http:\/\/www.tenis-krka.org\/index.php?rest_route=\/wp\/v2\/posts\/3283","targetHints":{"allow":["GET"]}}],"collection":[{"href":"http:\/\/www.tenis-krka.org\/index.php?rest_route=\/wp\/v2\/posts"}],"about":[{"href":"http:\/\/www.tenis-krka.org\/index.php?rest_route=\/wp\/v2\/types\/post"}],"author":[{"embeddable":true,"href":"http:\/\/www.tenis-krka.org\/index.php?rest_route=\/wp\/v2\/users\/10"}],"replies":[{"embeddable":true,"href":"http:\/\/www.tenis-krka.org\/index.php?rest_route=%2Fwp%2Fv2%2Fcomments&post=3283"}],"version-history":[{"count":4,"href":"http:\/\/www.tenis-krka.org\/index.php?rest_route=\/wp\/v2\/posts\/3283\/revisions"}],"predecessor-version":[{"id":3291,"href":"http:\/\/www.tenis-krka.org\/index.php?rest_route=\/wp\/v2\/posts\/3283\/revisions\/3291"}],"wp:featuredmedia":[{"embeddable":true,"href":"http:\/\/www.tenis-krka.org\/index.php?rest_route=\/wp\/v2\/media\/3287"}],"wp:attachment":[{"href":"http:\/\/www.tenis-krka.org\/index.php?rest_route=%2Fwp%2Fv2%2Fmedia&parent=3283"}],"wp:term":[{"taxonomy":"category","embeddable":true,"href":"http:\/\/www.tenis-krka.org\/index.php?rest_route=%2Fwp%2Fv2%2Fcategories&post=3283"},{"taxonomy":"post_tag","embeddable":true,"href":"http:\/\/www.tenis-krka.org\/index.php?rest_route=%2Fwp%2Fv2%2Ftags&post=3283"}],"curies":[{"name":"wp","href":"https:\/\/api.w.org\/{rel}","templated":true}]}}