{"id":3232,"date":"2017-05-02T23:16:32","date_gmt":"2017-05-02T21:16:32","guid":{"rendered":"http:\/\/www.tenis-krka.org\/?p=3232"},"modified":"2019-05-27T15:15:57","modified_gmt":"2019-05-27T13:15:57","slug":"dan-zemlje","status":"publish","type":"post","link":"http:\/\/www.tenis-krka.org\/?p=3232","title":{"rendered":"DAN  ZEMLJE"},"content":{"rendered":"<p><strong><u><a href=\"http:\/\/www.tenis-krka.org\/wp-content\/uploads\/2017\/05\/SLIKA-DAN-ZEMLJE.jpg\"><img loading=\"lazy\" decoding=\"async\" class=\"alignnone size-medium wp-image-3235\" src=\"http:\/\/www.tenis-krka.org\/wp-content\/uploads\/2017\/05\/SLIKA-DAN-ZEMLJE-300x170.jpg\" alt=\"\" width=\"300\" height=\"170\" srcset=\"http:\/\/www.tenis-krka.org\/wp-content\/uploads\/2017\/05\/SLIKA-DAN-ZEMLJE-300x170.jpg 300w, http:\/\/www.tenis-krka.org\/wp-content\/uploads\/2017\/05\/SLIKA-DAN-ZEMLJE-768x434.jpg 768w, http:\/\/www.tenis-krka.org\/wp-content\/uploads\/2017\/05\/SLIKA-DAN-ZEMLJE.jpg 1024w\" sizes=\"auto, (max-width: 300px) 100vw, 300px\" \/><\/a><\/u><\/strong><\/p>\n<p><strong>PETEK, 21. APRIL 2017 \u2013 DAN&nbsp; ZEMLJE <\/strong><\/p>\n<p>V sodelovanju Mestne&nbsp; ob\u010dine&nbsp; Novo&nbsp; mesto &#8211;&nbsp; Komunale&nbsp; Novo&nbsp; mesto in&nbsp; dolenjskimi osnovno\u0161olci je na&nbsp;glavnem&nbsp;trgu&nbsp;v Novem&nbsp;mestu&nbsp; v petek, 21. aprila 2017 potekala&nbsp;&nbsp; prireditev OB DNEVU ZEMLJE. Na prireditvi, katere&nbsp; se&nbsp; je&nbsp; udele\u017eilo&nbsp; okoli&nbsp; 800 otrok&nbsp; iz&nbsp; vseh&nbsp; osnovnih&nbsp; \u0161ol Dolenjske je sodeloval&nbsp; tudi&nbsp; Teni\u0161ki&nbsp; klub Krka Oto\u010dec. Prireditev je&nbsp; bila&nbsp; namenjena&nbsp; zabavi, dru\u017eenju in&nbsp; izmenjavi izku\u0161enj. Prepletali&nbsp; so&nbsp; se odnosi&nbsp; do&nbsp; narave, \u0161porta&nbsp; in zdrave&nbsp; prehrane.<\/p>\n<p>V delavnicah, ki&nbsp; sta&nbsp; jih&nbsp; za&nbsp; Teni\u0161ki&nbsp; klub&nbsp; Krka&nbsp; Oto\u010dec&nbsp; vodila&nbsp; trenerja&nbsp; Du\u0161an&nbsp; Ho\u010devar&nbsp; in&nbsp; Rok Tom\u0161i\u010d,&nbsp; so otroci&nbsp; u\u017eivali in bili&nbsp; aktivni. Teni\u0161ka&nbsp; igra&nbsp; jih&nbsp; je&nbsp; zanimala in&nbsp; povabili smo&nbsp; jih&nbsp;&nbsp;na treninge tenisa&nbsp; na Oto\u010dec.<\/p>\n","protected":false},"excerpt":{"rendered":"<p>PETEK, 21. APRIL 2017 \u2013 DAN&nbsp; ZEMLJE V sodelovanju Mestne&nbsp; ob\u010dine&nbsp; Novo&nbsp; mesto &#8211;&nbsp; Komunale&nbsp; Novo&nbsp; mesto in&nbsp; dolenjskimi osnovno\u0161olci je na&nbsp;glavnem&nbsp;trgu&nbsp;v Novem&nbsp;mestu&nbsp; v petek, 21. aprila 2017 potekala&nbsp;&nbsp; prireditev OB DNEVU ZEMLJE. Na prireditvi, katere&nbsp; se&nbsp; je&nbsp; udele\u017eilo&nbsp; okoli&nbsp; 800 otrok&nbsp; iz&nbsp; vseh&nbsp; osnovnih&nbsp; \u0161ol Dolenjske je sodeloval&nbsp; tudi&nbsp; Teni\u0161ki&nbsp; klub Krka Oto\u010dec. Prireditev [&hellip;]<\/p>\n","protected":false},"author":10,"featured_media":0,"comment_status":"closed","ping_status":"open","sticky":false,"template":"","format":"standard","meta":{"ngg_post_thumbnail":0,"footnotes":""},"categories":[1],"tags":[],"class_list":["post-3232","post","type-post","status-publish","format-standard","hentry","category-uncategorized"],"aioseo_notices":[],"_links":{"self":[{"href":"http:\/\/www.tenis-krka.org\/index.php?rest_route=\/wp\/v2\/posts\/3232","targetHints":{"allow":["GET"]}}],"collection":[{"href":"http:\/\/www.tenis-krka.org\/index.php?rest_route=\/wp\/v2\/posts"}],"about":[{"href":"http:\/\/www.tenis-krka.org\/index.php?rest_route=\/wp\/v2\/types\/post"}],"author":[{"embeddable":true,"href":"http:\/\/www.tenis-krka.org\/index.php?rest_route=\/wp\/v2\/users\/10"}],"replies":[{"embeddable":true,"href":"http:\/\/www.tenis-krka.org\/index.php?rest_route=%2Fwp%2Fv2%2Fcomments&post=3232"}],"version-history":[{"count":6,"href":"http:\/\/www.tenis-krka.org\/index.php?rest_route=\/wp\/v2\/posts\/3232\/revisions"}],"predecessor-version":[{"id":3266,"href":"http:\/\/www.tenis-krka.org\/index.php?rest_route=\/wp\/v2\/posts\/3232\/revisions\/3266"}],"wp:attachment":[{"href":"http:\/\/www.tenis-krka.org\/index.php?rest_route=%2Fwp%2Fv2%2Fmedia&parent=3232"}],"wp:term":[{"taxonomy":"category","embeddable":true,"href":"http:\/\/www.tenis-krka.org\/index.php?rest_route=%2Fwp%2Fv2%2Fcategories&post=3232"},{"taxonomy":"post_tag","embeddable":true,"href":"http:\/\/www.tenis-krka.org\/index.php?rest_route=%2Fwp%2Fv2%2Ftags&post=3232"}],"curies":[{"name":"wp","href":"https:\/\/api.w.org\/{rel}","templated":true}]}}