{"id":3225,"date":"2017-04-07T22:53:53","date_gmt":"2017-04-07T20:53:53","guid":{"rendered":"http:\/\/www.tenis-krka.org\/?p=3225"},"modified":"2019-05-27T15:15:57","modified_gmt":"2019-05-27T13:15:57","slug":"srecanje-sponzorirrancev","status":"publish","type":"post","link":"http:\/\/www.tenis-krka.org\/?p=3225","title":{"rendered":"SRE\u010cANJE  SPONZORIRRANCEV"},"content":{"rendered":"<p><u>Sre\u010danje s Krkinimi sponzoriranci<\/u><\/p>\n<p><strong>Naj talent 2016 na \u0161portnem podro\u010dju <\/strong><\/p>\n<p>V Krki je 30. marec 2017 potekalo 11. sre\u010danje s sponzoriranci, na katerem predstavniki klubov, dru\u0161tev in ustanov izmenjujejo dobre prakse. Dogodka se je udele\u017eilo 143 \u00a0predstavnikov klubov in dru\u0161tev, med njimi tudi 82\u00a0mladih \u0161portnikov, glasbenikov in drugih ustvarjalcev. Letos so posebno pozornost namenili mladim talentom. Med mladimi, uspe\u0161nimi posamezniki na \u0161portnem in glasbenem podro\u010dju, starimi do 14 let, ki so jih predlagali klubi in dru\u0161tva, so izbrali 10 izjemnih posameznikov. Med njimi \u00a0tudi teni\u0161ko igralko \u017divo Falkner iz Teni\u0161kega kluba Krka Oto\u010dec, in\u00a0 ji podelili Krkino priznanje Naj talent 2016.<\/p>\n<p>\u017diva Falkner je pri 14 letih najuspe\u0161nej\u0161a tekmovalka Teni\u0161kega kluba Krka Oto\u010dec, najbolj\u0161a igralka v svoji kategoriji v Sloveniji ter med osmimi najbolj\u0161imi igralkami Evrope. Z dose\u017eeni rezultati sodi v sam vrh slovenskega, evropskega in svetovnega tenisa. V letih 2014 in 2015 je osvojila 13 naslovov na mednarodnih tekmovanjih Tennis Europe, v letu 2016 pa je zelo uspe\u0161no nastopala na turnirjih prvega ranga Tennis Europe. Kakovostno igro je potrdila z uvrstitvijo v \u010detrtfinale evropskega posameznega prvenstva in z nastopom na zaklju\u010dnem mastersu osmih najbolj\u0161ih igralk v Evropi, na katerem je osvojila kon\u010dno 4. mesto, organizatorji pa so ji podelili \u0161e priznanje Fair play za zgledno obna\u0161anje na turnirju in pripravljenost igrati z invalidnimi igralci. \u017diva je prva slovenska teni\u0161ka igralka, ki v svojih starostnih kategorijah dosega tako odli\u010dne mednarodne uspehe. Po mnenju strokovnjakov in glede na rezultate, ki jih je dosegla, nedvomno sodi v kategorijo perspektivnih vrhunskih \u0161portnic svetovnega kova.<\/p>\n<p>\u017diva\u00a0 Falkner\u00a0 je\u00a0 bila\u00a0 v tem\u00a0 \u010dasu\u00a0 na\u00a0 tekmi\u00a0 ITF DOGA Qatar, zato\u00a0 je\u00a0 priznanje\u00a0 v njenem\u00a0 imenu\u00a0 prevzel\u00a0 njen\u00a0 trener\u00a0 Gordan\u00a0 Jankovi\u010d.<\/p>\n<p><a href=\"http:\/\/www.tenis-krka.org\/wp-content\/uploads\/2017\/04\/Krka_sre\u010danje_s_sponzoriranci-4.jpg\"><img loading=\"lazy\" decoding=\"async\" class=\"alignnone size-medium wp-image-3226\" src=\"http:\/\/www.tenis-krka.org\/wp-content\/uploads\/2017\/04\/Krka_sre\u010danje_s_sponzoriranci-4-300x200.jpg\" alt=\"\" width=\"300\" height=\"200\" srcset=\"http:\/\/www.tenis-krka.org\/wp-content\/uploads\/2017\/04\/Krka_sre\u010danje_s_sponzoriranci-4-300x200.jpg 300w, http:\/\/www.tenis-krka.org\/wp-content\/uploads\/2017\/04\/Krka_sre\u010danje_s_sponzoriranci-4-768x512.jpg 768w, http:\/\/www.tenis-krka.org\/wp-content\/uploads\/2017\/04\/Krka_sre\u010danje_s_sponzoriranci-4-1024x683.jpg 1024w\" sizes=\"auto, (max-width: 300px) 100vw, 300px\" \/><\/a>\u00a0\u00a0\u00a0 <a href=\"http:\/\/www.tenis-krka.org\/wp-content\/uploads\/2017\/04\/Krka_sre\u010danje_s_sponzoriranci-5.jpg\"><img loading=\"lazy\" decoding=\"async\" class=\"alignnone size-medium wp-image-3227\" src=\"http:\/\/www.tenis-krka.org\/wp-content\/uploads\/2017\/04\/Krka_sre\u010danje_s_sponzoriranci-5-300x200.jpg\" alt=\"\" width=\"300\" height=\"200\" srcset=\"http:\/\/www.tenis-krka.org\/wp-content\/uploads\/2017\/04\/Krka_sre\u010danje_s_sponzoriranci-5-300x200.jpg 300w, http:\/\/www.tenis-krka.org\/wp-content\/uploads\/2017\/04\/Krka_sre\u010danje_s_sponzoriranci-5-768x512.jpg 768w, http:\/\/www.tenis-krka.org\/wp-content\/uploads\/2017\/04\/Krka_sre\u010danje_s_sponzoriranci-5-1024x683.jpg 1024w\" sizes=\"auto, (max-width: 300px) 100vw, 300px\" \/><\/a><\/p>\n","protected":false},"excerpt":{"rendered":"<p>Sre\u010danje s Krkinimi sponzoriranci Naj talent 2016 na \u0161portnem podro\u010dju V Krki je 30. marec 2017 potekalo 11. sre\u010danje s sponzoriranci, na katerem predstavniki klubov, dru\u0161tev in ustanov izmenjujejo dobre prakse. Dogodka se je udele\u017eilo 143 \u00a0predstavnikov klubov in dru\u0161tev, med njimi tudi 82\u00a0mladih \u0161portnikov, glasbenikov in drugih ustvarjalcev. Letos so posebno pozornost namenili mladim [&hellip;]<\/p>\n","protected":false},"author":10,"featured_media":0,"comment_status":"closed","ping_status":"open","sticky":false,"template":"","format":"standard","meta":{"ngg_post_thumbnail":0,"footnotes":""},"categories":[4,31,6,1],"tags":[],"class_list":["post-3225","post","type-post","status-publish","format-standard","hentry","category-dog","category-lige","category-rezult","category-uncategorized"],"aioseo_notices":[],"_links":{"self":[{"href":"http:\/\/www.tenis-krka.org\/index.php?rest_route=\/wp\/v2\/posts\/3225","targetHints":{"allow":["GET"]}}],"collection":[{"href":"http:\/\/www.tenis-krka.org\/index.php?rest_route=\/wp\/v2\/posts"}],"about":[{"href":"http:\/\/www.tenis-krka.org\/index.php?rest_route=\/wp\/v2\/types\/post"}],"author":[{"embeddable":true,"href":"http:\/\/www.tenis-krka.org\/index.php?rest_route=\/wp\/v2\/users\/10"}],"replies":[{"embeddable":true,"href":"http:\/\/www.tenis-krka.org\/index.php?rest_route=%2Fwp%2Fv2%2Fcomments&post=3225"}],"version-history":[{"count":3,"href":"http:\/\/www.tenis-krka.org\/index.php?rest_route=\/wp\/v2\/posts\/3225\/revisions"}],"predecessor-version":[{"id":3230,"href":"http:\/\/www.tenis-krka.org\/index.php?rest_route=\/wp\/v2\/posts\/3225\/revisions\/3230"}],"wp:attachment":[{"href":"http:\/\/www.tenis-krka.org\/index.php?rest_route=%2Fwp%2Fv2%2Fmedia&parent=3225"}],"wp:term":[{"taxonomy":"category","embeddable":true,"href":"http:\/\/www.tenis-krka.org\/index.php?rest_route=%2Fwp%2Fv2%2Fcategories&post=3225"},{"taxonomy":"post_tag","embeddable":true,"href":"http:\/\/www.tenis-krka.org\/index.php?rest_route=%2Fwp%2Fv2%2Ftags&post=3225"}],"curies":[{"name":"wp","href":"https:\/\/api.w.org\/{rel}","templated":true}]}}