{"id":3213,"date":"2017-02-16T01:05:39","date_gmt":"2017-02-15T23:05:39","guid":{"rendered":"http:\/\/www.tenis-krka.org\/?p=3213"},"modified":"2019-05-27T15:15:57","modified_gmt":"2019-05-27T13:15:57","slug":"jani-retelj-ep-do-12-let-nastopil-v-avstriji","status":"publish","type":"post","link":"http:\/\/www.tenis-krka.org\/?p=3213","title":{"rendered":"Jani  Retelj  EP do  12 let  nastopil  v Avstriji"},"content":{"rendered":"<p>Na\u0161 mladi up, Jani Retelj \u00a0je kot Slovenski reprezentant nastopil na nedavnem ekipnem evropskem prvenstvu do 12 let v Lienbnitzu v Avstriji. Kot \u010dlan ekipe je edini dobil svoj posami\u010dni dvoboj proti reprezentanci Bolgarije.<\/p>\n<p>\u010cestitamo!<\/p>\n<p>PRISPEVEK: Dare\u00a0 Voglar<\/p>\n<p>&nbsp;<\/p>\n<p>&nbsp;<\/p>\n<p>&nbsp;<\/p>\n<p>&nbsp;<\/p>\n","protected":false},"excerpt":{"rendered":"<p>Na\u0161 mladi up, Jani Retelj \u00a0je kot Slovenski reprezentant nastopil na nedavnem ekipnem evropskem prvenstvu do 12 let v Lienbnitzu v Avstriji. Kot \u010dlan ekipe je edini dobil svoj posami\u010dni dvoboj proti reprezentanci Bolgarije. \u010cestitamo! PRISPEVEK: Dare\u00a0 Voglar &nbsp; &nbsp; &nbsp; &nbsp;<\/p>\n","protected":false},"author":10,"featured_media":0,"comment_status":"closed","ping_status":"open","sticky":false,"template":"","format":"standard","meta":{"ngg_post_thumbnail":0,"footnotes":""},"categories":[4,6,5],"tags":[],"class_list":["post-3213","post","type-post","status-publish","format-standard","hentry","category-dog","category-rezult","category-tekm"],"aioseo_notices":[],"_links":{"self":[{"href":"http:\/\/www.tenis-krka.org\/index.php?rest_route=\/wp\/v2\/posts\/3213","targetHints":{"allow":["GET"]}}],"collection":[{"href":"http:\/\/www.tenis-krka.org\/index.php?rest_route=\/wp\/v2\/posts"}],"about":[{"href":"http:\/\/www.tenis-krka.org\/index.php?rest_route=\/wp\/v2\/types\/post"}],"author":[{"embeddable":true,"href":"http:\/\/www.tenis-krka.org\/index.php?rest_route=\/wp\/v2\/users\/10"}],"replies":[{"embeddable":true,"href":"http:\/\/www.tenis-krka.org\/index.php?rest_route=%2Fwp%2Fv2%2Fcomments&post=3213"}],"version-history":[{"count":1,"href":"http:\/\/www.tenis-krka.org\/index.php?rest_route=\/wp\/v2\/posts\/3213\/revisions"}],"predecessor-version":[{"id":3214,"href":"http:\/\/www.tenis-krka.org\/index.php?rest_route=\/wp\/v2\/posts\/3213\/revisions\/3214"}],"wp:attachment":[{"href":"http:\/\/www.tenis-krka.org\/index.php?rest_route=%2Fwp%2Fv2%2Fmedia&parent=3213"}],"wp:term":[{"taxonomy":"category","embeddable":true,"href":"http:\/\/www.tenis-krka.org\/index.php?rest_route=%2Fwp%2Fv2%2Fcategories&post=3213"},{"taxonomy":"post_tag","embeddable":true,"href":"http:\/\/www.tenis-krka.org\/index.php?rest_route=%2Fwp%2Fv2%2Ftags&post=3213"}],"curies":[{"name":"wp","href":"https:\/\/api.w.org\/{rel}","templated":true}]}}