{"id":3189,"date":"2017-01-09T13:42:56","date_gmt":"2017-01-09T11:42:56","guid":{"rendered":"http:\/\/www.tenis-krka.org\/?p=3189"},"modified":"2019-05-27T15:15:57","modified_gmt":"2019-05-27T13:15:57","slug":"jani-retelj-v-polfinalu-drzavnega-prvenstva-8-1-2017","status":"publish","type":"post","link":"http:\/\/www.tenis-krka.org\/?p=3189","title":{"rendered":"Jani Retelj v polfinalu Dr\u017eavnega prvenstva (8.1.2017)"},"content":{"rendered":"<p><strong><a href=\"http:\/\/www.tenis-krka.org\/wp-content\/uploads\/2017\/01\/Jani-retelj-dp-zimski-e1483962110963.jpg\"><img loading=\"lazy\" decoding=\"async\" class=\"alignleft size-medium wp-image-3190\" src=\"http:\/\/www.tenis-krka.org\/wp-content\/uploads\/2017\/01\/Jani-retelj-dp-zimski-e1483962110963-202x300.jpg\" alt=\"jani-retelj-dp-zimski\" width=\"202\" height=\"300\" srcset=\"http:\/\/www.tenis-krka.org\/wp-content\/uploads\/2017\/01\/Jani-retelj-dp-zimski-e1483962110963-202x300.jpg 202w, http:\/\/www.tenis-krka.org\/wp-content\/uploads\/2017\/01\/Jani-retelj-dp-zimski-e1483962110963-768x1143.jpg 768w, http:\/\/www.tenis-krka.org\/wp-content\/uploads\/2017\/01\/Jani-retelj-dp-zimski-e1483962110963-688x1024.jpg 688w, http:\/\/www.tenis-krka.org\/wp-content\/uploads\/2017\/01\/Jani-retelj-dp-zimski-e1483962110963.jpg 1354w\" sizes=\"auto, (max-width: 202px) 100vw, 202px\" \/><\/a>V Ljubljani je potekal med 4. in 8. januarjem dr\u017eavno prvenstvo za de\u010dke do 12 let, kjer barve na\u0161ega kluba zastopata brata Retelj, Jani in Marko. Starej\u0161i Jani je v \u010detrtfinalu\u00a0posami\u010dno, \u00a0premagal Ku\u0161ter Tima iz Tk Olimpija z rezultatom 7:5 6:1.\u00a0<\/strong><\/p>\n<p><strong>V polfinalu je moral priznati premo\u010d 1. nosilcu, dr\u017eavnemu prvaku Kri\u017enik Maticu iz Tk Olimpije 36 46.<\/strong><\/p>\n<p><strong>\u00a0Mlaj\u0161i Marko ( 9 let ), \u00a0se je preko kvalifikacij uvrstil v glavni del turnirja. V 1. Kolu je moral priznati premo\u010d Timu Ku\u0161tru. <\/strong><\/p>\n<p><span style=\"color: #0000ff\"><strong>\u010cestitke obema.<\/strong><\/span><\/p>\n<p>&nbsp;<\/p>\n","protected":false},"excerpt":{"rendered":"<p>V Ljubljani je potekal med 4. in 8. januarjem dr\u017eavno prvenstvo za de\u010dke do 12 let, kjer barve na\u0161ega kluba zastopata brata Retelj, Jani in Marko. Starej\u0161i Jani je v \u010detrtfinalu\u00a0posami\u010dno, \u00a0premagal Ku\u0161ter Tima iz Tk Olimpija z rezultatom 7:5 6:1.\u00a0 V polfinalu je moral priznati premo\u010d 1. nosilcu, dr\u017eavnemu prvaku Kri\u017enik Maticu iz Tk [&hellip;]<\/p>\n","protected":false},"author":1,"featured_media":0,"comment_status":"closed","ping_status":"open","sticky":false,"template":"","format":"standard","meta":{"ngg_post_thumbnail":0,"footnotes":""},"categories":[6,5],"tags":[],"class_list":["post-3189","post","type-post","status-publish","format-standard","hentry","category-rezult","category-tekm"],"aioseo_notices":[],"_links":{"self":[{"href":"http:\/\/www.tenis-krka.org\/index.php?rest_route=\/wp\/v2\/posts\/3189","targetHints":{"allow":["GET"]}}],"collection":[{"href":"http:\/\/www.tenis-krka.org\/index.php?rest_route=\/wp\/v2\/posts"}],"about":[{"href":"http:\/\/www.tenis-krka.org\/index.php?rest_route=\/wp\/v2\/types\/post"}],"author":[{"embeddable":true,"href":"http:\/\/www.tenis-krka.org\/index.php?rest_route=\/wp\/v2\/users\/1"}],"replies":[{"embeddable":true,"href":"http:\/\/www.tenis-krka.org\/index.php?rest_route=%2Fwp%2Fv2%2Fcomments&post=3189"}],"version-history":[{"count":1,"href":"http:\/\/www.tenis-krka.org\/index.php?rest_route=\/wp\/v2\/posts\/3189\/revisions"}],"predecessor-version":[{"id":3191,"href":"http:\/\/www.tenis-krka.org\/index.php?rest_route=\/wp\/v2\/posts\/3189\/revisions\/3191"}],"wp:attachment":[{"href":"http:\/\/www.tenis-krka.org\/index.php?rest_route=%2Fwp%2Fv2%2Fmedia&parent=3189"}],"wp:term":[{"taxonomy":"category","embeddable":true,"href":"http:\/\/www.tenis-krka.org\/index.php?rest_route=%2Fwp%2Fv2%2Fcategories&post=3189"},{"taxonomy":"post_tag","embeddable":true,"href":"http:\/\/www.tenis-krka.org\/index.php?rest_route=%2Fwp%2Fv2%2Ftags&post=3189"}],"curies":[{"name":"wp","href":"https:\/\/api.w.org\/{rel}","templated":true}]}}