{"id":3167,"date":"2016-07-05T14:51:02","date_gmt":"2016-07-05T12:51:02","guid":{"rendered":"http:\/\/www.tenis-krka.org\/?p=3167"},"modified":"2019-05-27T15:15:57","modified_gmt":"2019-05-27T13:15:57","slug":"jakob-franc-jani-in-jure-v-drugem-kolu-tennis-europe-krka-cup-2016-otocec","status":"publish","type":"post","link":"http:\/\/www.tenis-krka.org\/?p=3167","title":{"rendered":"Jakob Franc, Jani in Jure v drugem kolu Tennis Europe &#8220;KRKA  CUP 2016&#8221; Oto\u010dec &#8211; VABLJENI NA TEKME"},"content":{"rendered":"<p><a href=\"http:\/\/www.tenis-krka.org\/wp-content\/uploads\/2016\/05\/Jakob-in-Jani-e1467722979176.jpg\"><img loading=\"lazy\" decoding=\"async\" class=\"alignright wp-image-3137 size-medium\" src=\"http:\/\/www.tenis-krka.org\/wp-content\/uploads\/2016\/05\/Jakob-in-Jani-e1467722979176-254x300.jpg\" alt=\"Jakob in Jani\" width=\"254\" height=\"300\" srcset=\"http:\/\/www.tenis-krka.org\/wp-content\/uploads\/2016\/05\/Jakob-in-Jani-e1467722979176-254x300.jpg 254w, http:\/\/www.tenis-krka.org\/wp-content\/uploads\/2016\/05\/Jakob-in-Jani-e1467722979176.jpg 415w\" sizes=\"auto, (max-width: 254px) 100vw, 254px\" \/><\/a>\u00a0<strong>Jakob Franc Kav\u0161ek, Jani Retelj in Jure Gruden v drugem krogu Tennis Europe<\/strong> &#8220;KRKA \u00a0CUP 2016&#8221; do 12 let, katero se odvija na Oto\u010dcu.<\/p>\n<p>V teni\u0161kem centru Oto\u010dec se je z obra\u010duni glavnega \u017ereba za\u010del mednarodni mladinski turnir Tennis Europe v starostni kategoriji do 12 let. Pri de\u010dkih nastopa 23 Slovencev, z izjemo Luna OBRULA tudi vsi na\u0161i najbolj\u0161i dvanajstletniki in 18 deklic, kjer bodo nastopile vse na\u0161e najbolj\u0161e igralke do 12 let.<\/p>\n<p>Pri de\u010dkih so se v drugi krog uvrstili <strong>Alja\u017e KIRBI\u0160, Jakob Franc KAV\u0160EK, Jaka JAKI, Teo KURTAGI\u0106, Nik MIKOVI\u010c, Job JAPELJ, Jure GRUDEN, Jan BUKOVEC, Mario \u0160PANI\u0106, Tim KU\u0160TER, Mark Iztok LUNDER, Maj PREMZL, Bor ARTNAK, Jani RETELJ, Matic KRI\u017dNIK, Tristan FLANDER in Mak MIKOVI\u010c<\/strong>.<\/p>\n<p>Pri deklicah bodo v drugem krogu od Slovenk nastopile <strong>Tajda ZALOKAR, Ma\u0161a VIRIANT, Elena PLESNI\u010cAR, Petja DRAME, Sara DOLENC, Leontina STOJANOVI\u0106, Ela Nala MILI\u0106, Brina \u0160ULIN, Ella HOJNIK, Eva MULLER UHAN in Pia Marija REBEC<\/strong>.<\/p>\n","protected":false},"excerpt":{"rendered":"<p>\u00a0Jakob Franc Kav\u0161ek, Jani Retelj in Jure Gruden v drugem krogu Tennis Europe &#8220;KRKA \u00a0CUP 2016&#8221; do 12 let, katero se odvija na Oto\u010dcu. V teni\u0161kem centru Oto\u010dec se je z obra\u010duni glavnega \u017ereba za\u010del mednarodni mladinski turnir Tennis Europe v starostni kategoriji do 12 let. Pri de\u010dkih nastopa 23 Slovencev, z izjemo Luna OBRULA [&hellip;]<\/p>\n","protected":false},"author":1,"featured_media":0,"comment_status":"closed","ping_status":"open","sticky":false,"template":"","format":"standard","meta":{"ngg_post_thumbnail":0,"footnotes":""},"categories":[4,20,6,5],"tags":[],"class_list":["post-3167","post","type-post","status-publish","format-standard","hentry","category-dog","category-turnirji","category-rezult","category-tekm"],"aioseo_notices":[],"_links":{"self":[{"href":"http:\/\/www.tenis-krka.org\/index.php?rest_route=\/wp\/v2\/posts\/3167","targetHints":{"allow":["GET"]}}],"collection":[{"href":"http:\/\/www.tenis-krka.org\/index.php?rest_route=\/wp\/v2\/posts"}],"about":[{"href":"http:\/\/www.tenis-krka.org\/index.php?rest_route=\/wp\/v2\/types\/post"}],"author":[{"embeddable":true,"href":"http:\/\/www.tenis-krka.org\/index.php?rest_route=\/wp\/v2\/users\/1"}],"replies":[{"embeddable":true,"href":"http:\/\/www.tenis-krka.org\/index.php?rest_route=%2Fwp%2Fv2%2Fcomments&post=3167"}],"version-history":[{"count":7,"href":"http:\/\/www.tenis-krka.org\/index.php?rest_route=\/wp\/v2\/posts\/3167\/revisions"}],"predecessor-version":[{"id":3183,"href":"http:\/\/www.tenis-krka.org\/index.php?rest_route=\/wp\/v2\/posts\/3167\/revisions\/3183"}],"wp:attachment":[{"href":"http:\/\/www.tenis-krka.org\/index.php?rest_route=%2Fwp%2Fv2%2Fmedia&parent=3167"}],"wp:term":[{"taxonomy":"category","embeddable":true,"href":"http:\/\/www.tenis-krka.org\/index.php?rest_route=%2Fwp%2Fv2%2Fcategories&post=3167"},{"taxonomy":"post_tag","embeddable":true,"href":"http:\/\/www.tenis-krka.org\/index.php?rest_route=%2Fwp%2Fv2%2Ftags&post=3167"}],"curies":[{"name":"wp","href":"https:\/\/api.w.org\/{rel}","templated":true}]}}