{"id":3154,"date":"2016-06-10T08:52:33","date_gmt":"2016-06-10T06:52:33","guid":{"rendered":"http:\/\/www.tenis-krka.org\/?p=3154"},"modified":"2019-05-27T15:15:57","modified_gmt":"2019-05-27T13:15:57","slug":"ziva-v-polfinalu-dvojic-tennis-europe-16-milano-avvenire","status":"publish","type":"post","link":"http:\/\/www.tenis-krka.org\/?p=3154","title":{"rendered":"\u017diva v polfinalu dvojic TENNIS EUROPE 16 MILANO AVVENIRE"},"content":{"rendered":"<p><strong><a href=\"http:\/\/www.tenis-krka.org\/wp-content\/uploads\/2014\/10\/\u017diva-Francija.jpg\"><img loading=\"lazy\" decoding=\"async\" class=\"alignright wp-image-2861 size-medium\" src=\"http:\/\/www.tenis-krka.org\/wp-content\/uploads\/2014\/10\/\u017diva-Francija-300x186.jpg\" alt=\"\u017diva Francija\" width=\"300\" height=\"186\" srcset=\"http:\/\/www.tenis-krka.org\/wp-content\/uploads\/2014\/10\/\u017diva-Francija-300x186.jpg 300w, http:\/\/www.tenis-krka.org\/wp-content\/uploads\/2014\/10\/\u017diva-Francija.jpg 525w\" sizes=\"auto, (max-width: 300px) 100vw, 300px\" \/><\/a>\u0160tirinajst letna \u017diva Falkner \u00a0igra<\/strong> v igri parov s\u00a0Holly FISCHER (ANG) na turnirju 1. ranga v Milanu do 16 let, <strong>in to odli\u010dno<\/strong>.<\/p>\n<p>1.kolo:\u00a0\u017diva,Fischer \/\u00a0Cioffi,Rinaldi(ita) &#8211;\u00a06:2\u00a0\/\u00a06:0<\/p>\n<p>2.kolo:\u00a0\u017diva,Fischer \/\u00a0\u0110akovi\u0107,Male\u0161evi\u0107 &#8211;\u00a062,64<\/p>\n<p>\u010cETRTFINALE:\u00a0\u017diva,Fischer \/\u00a0Zadori,Geshek(hun) &#8211;\u00a075,62<\/p>\n<p>\u017dIVA\u00a0V POLFINALU AVVENIRE-ja!<\/p>\n","protected":false},"excerpt":{"rendered":"<p>\u0160tirinajst letna \u017diva Falkner \u00a0igra v igri parov s\u00a0Holly FISCHER (ANG) na turnirju 1. ranga v Milanu do 16 let, in to odli\u010dno. 1.kolo:\u00a0\u017diva,Fischer \/\u00a0Cioffi,Rinaldi(ita) &#8211;\u00a06:2\u00a0\/\u00a06:0 2.kolo:\u00a0\u017diva,Fischer \/\u00a0\u0110akovi\u0107,Male\u0161evi\u0107 &#8211;\u00a062,64 \u010cETRTFINALE:\u00a0\u017diva,Fischer \/\u00a0Zadori,Geshek(hun) &#8211;\u00a075,62 \u017dIVA\u00a0V POLFINALU AVVENIRE-ja!<\/p>\n","protected":false},"author":1,"featured_media":0,"comment_status":"closed","ping_status":"open","sticky":false,"template":"","format":"standard","meta":{"ngg_post_thumbnail":0,"footnotes":""},"categories":[6],"tags":[],"class_list":["post-3154","post","type-post","status-publish","format-standard","hentry","category-rezult"],"aioseo_notices":[],"_links":{"self":[{"href":"http:\/\/www.tenis-krka.org\/index.php?rest_route=\/wp\/v2\/posts\/3154","targetHints":{"allow":["GET"]}}],"collection":[{"href":"http:\/\/www.tenis-krka.org\/index.php?rest_route=\/wp\/v2\/posts"}],"about":[{"href":"http:\/\/www.tenis-krka.org\/index.php?rest_route=\/wp\/v2\/types\/post"}],"author":[{"embeddable":true,"href":"http:\/\/www.tenis-krka.org\/index.php?rest_route=\/wp\/v2\/users\/1"}],"replies":[{"embeddable":true,"href":"http:\/\/www.tenis-krka.org\/index.php?rest_route=%2Fwp%2Fv2%2Fcomments&post=3154"}],"version-history":[{"count":7,"href":"http:\/\/www.tenis-krka.org\/index.php?rest_route=\/wp\/v2\/posts\/3154\/revisions"}],"predecessor-version":[{"id":3161,"href":"http:\/\/www.tenis-krka.org\/index.php?rest_route=\/wp\/v2\/posts\/3154\/revisions\/3161"}],"wp:attachment":[{"href":"http:\/\/www.tenis-krka.org\/index.php?rest_route=%2Fwp%2Fv2%2Fmedia&parent=3154"}],"wp:term":[{"taxonomy":"category","embeddable":true,"href":"http:\/\/www.tenis-krka.org\/index.php?rest_route=%2Fwp%2Fv2%2Fcategories&post=3154"},{"taxonomy":"post_tag","embeddable":true,"href":"http:\/\/www.tenis-krka.org\/index.php?rest_route=%2Fwp%2Fv2%2Ftags&post=3154"}],"curies":[{"name":"wp","href":"https:\/\/api.w.org\/{rel}","templated":true}]}}