{"id":3147,"date":"2016-06-02T10:59:58","date_gmt":"2016-06-02T08:59:58","guid":{"rendered":"http:\/\/www.tenis-krka.org\/?p=3147"},"modified":"2019-05-27T15:15:57","modified_gmt":"2019-05-27T13:15:57","slug":"matic-andraz-in-jakob-na-dp-14b","status":"publish","type":"post","link":"http:\/\/www.tenis-krka.org\/?p=3147","title":{"rendered":"Matic, Andra\u017e in Jakob na DP 14b"},"content":{"rendered":"<div dir=\"ltr\"><a href=\"http:\/\/www.tenis-krka.org\/wp-content\/uploads\/2016\/06\/Bled-DP-14b.jpg\"><img loading=\"lazy\" decoding=\"async\" class=\"alignleft size-medium wp-image-3148\" src=\"http:\/\/www.tenis-krka.org\/wp-content\/uploads\/2016\/06\/Bled-DP-14b-300x170.jpg\" alt=\"Bled DP 14b\" width=\"300\" height=\"170\" srcset=\"http:\/\/www.tenis-krka.org\/wp-content\/uploads\/2016\/06\/Bled-DP-14b-300x170.jpg 300w, http:\/\/www.tenis-krka.org\/wp-content\/uploads\/2016\/06\/Bled-DP-14b-1024x580.jpg 1024w, http:\/\/www.tenis-krka.org\/wp-content\/uploads\/2016\/06\/Bled-DP-14b.jpg 1468w\" sizes=\"auto, (max-width: 300px) 100vw, 300px\" \/><\/a>Na DP\u00a014b na Bledu\u00a0so na\u0161i tekmovalci\u00a0preverili\u00a0svoje\u00a0znanje\u00a0in formo.<\/div>\n<div dir=\"ltr\">Petkovi\u010d Matic, Udovi\u010d Andra\u017e in Jakob Kav\u0161ek\u00a0so v 1. Krogu\u00a0in se\u00a0borijo\u00a0za\u00a0to\u010dke TS do 14 let.<\/div>\n<div dir=\"ltr\"><\/div>\n<div dir=\"ltr\"><span style=\"color: #3366ff\">SRE\u010cNO FANTJE<\/span><\/div>\n<p>&nbsp;<\/p>\n","protected":false},"excerpt":{"rendered":"<p>Na DP\u00a014b na Bledu\u00a0so na\u0161i tekmovalci\u00a0preverili\u00a0svoje\u00a0znanje\u00a0in formo. Petkovi\u010d Matic, Udovi\u010d Andra\u017e in Jakob Kav\u0161ek\u00a0so v 1. Krogu\u00a0in se\u00a0borijo\u00a0za\u00a0to\u010dke TS do 14 let. SRE\u010cNO FANTJE &nbsp;<\/p>\n","protected":false},"author":1,"featured_media":0,"comment_status":"closed","ping_status":"open","sticky":false,"template":"","format":"standard","meta":{"ngg_post_thumbnail":0,"footnotes":""},"categories":[6],"tags":[],"class_list":["post-3147","post","type-post","status-publish","format-standard","hentry","category-rezult"],"aioseo_notices":[],"_links":{"self":[{"href":"http:\/\/www.tenis-krka.org\/index.php?rest_route=\/wp\/v2\/posts\/3147","targetHints":{"allow":["GET"]}}],"collection":[{"href":"http:\/\/www.tenis-krka.org\/index.php?rest_route=\/wp\/v2\/posts"}],"about":[{"href":"http:\/\/www.tenis-krka.org\/index.php?rest_route=\/wp\/v2\/types\/post"}],"author":[{"embeddable":true,"href":"http:\/\/www.tenis-krka.org\/index.php?rest_route=\/wp\/v2\/users\/1"}],"replies":[{"embeddable":true,"href":"http:\/\/www.tenis-krka.org\/index.php?rest_route=%2Fwp%2Fv2%2Fcomments&post=3147"}],"version-history":[{"count":1,"href":"http:\/\/www.tenis-krka.org\/index.php?rest_route=\/wp\/v2\/posts\/3147\/revisions"}],"predecessor-version":[{"id":3149,"href":"http:\/\/www.tenis-krka.org\/index.php?rest_route=\/wp\/v2\/posts\/3147\/revisions\/3149"}],"wp:attachment":[{"href":"http:\/\/www.tenis-krka.org\/index.php?rest_route=%2Fwp%2Fv2%2Fmedia&parent=3147"}],"wp:term":[{"taxonomy":"category","embeddable":true,"href":"http:\/\/www.tenis-krka.org\/index.php?rest_route=%2Fwp%2Fv2%2Fcategories&post=3147"},{"taxonomy":"post_tag","embeddable":true,"href":"http:\/\/www.tenis-krka.org\/index.php?rest_route=%2Fwp%2Fv2%2Ftags&post=3147"}],"curies":[{"name":"wp","href":"https:\/\/api.w.org\/{rel}","templated":true}]}}