{"id":3117,"date":"2016-04-22T09:40:34","date_gmt":"2016-04-22T07:40:34","guid":{"rendered":"http:\/\/www.tenis-krka.org\/?p=3117"},"modified":"2019-05-27T15:15:57","modified_gmt":"2019-05-27T13:15:57","slug":"nova-skupina","status":"publish","type":"post","link":"http:\/\/www.tenis-krka.org\/?p=3117","title":{"rendered":"Nova skupina"},"content":{"rendered":"<p><a href=\"http:\/\/www.tenis-krka.org\/wp-content\/uploads\/2016\/04\/Nova-skupina-Du\u0161an.jpg\"><img loading=\"lazy\" decoding=\"async\" class=\"alignleft size-medium wp-image-3118\" src=\"http:\/\/www.tenis-krka.org\/wp-content\/uploads\/2016\/04\/Nova-skupina-Du\u0161an-300x170.jpg\" alt=\"Nova skupina Du\u0161an\" width=\"300\" height=\"170\" srcset=\"http:\/\/www.tenis-krka.org\/wp-content\/uploads\/2016\/04\/Nova-skupina-Du\u0161an-300x170.jpg 300w, http:\/\/www.tenis-krka.org\/wp-content\/uploads\/2016\/04\/Nova-skupina-Du\u0161an-1024x579.jpg 1024w, http:\/\/www.tenis-krka.org\/wp-content\/uploads\/2016\/04\/Nova-skupina-Du\u0161an.jpg 1549w\" sizes=\"auto, (max-width: 300px) 100vw, 300px\" \/><\/a>Po\u00a0vadbi\u00a0v O\u0160 Center in O\u0160 Grm\u00a0smo \u0161e\u00a0dodali popoldansko vadbo \u00a0na Oto\u010dcu pod okriljem TK\u00a0Krka Oto\u010dec.<\/p>\n<p>Super se\u00a0imamo\u00a0in vabimo \u0161e\u00a0ostale\u00a0na Oto\u010dec&#8230; (Du\u0161an Ho\u010devar)<\/p>\n<p>&nbsp;<\/p>\n","protected":false},"excerpt":{"rendered":"<p>Po\u00a0vadbi\u00a0v O\u0160 Center in O\u0160 Grm\u00a0smo \u0161e\u00a0dodali popoldansko vadbo \u00a0na Oto\u010dcu pod okriljem TK\u00a0Krka Oto\u010dec. Super se\u00a0imamo\u00a0in vabimo \u0161e\u00a0ostale\u00a0na Oto\u010dec&#8230; (Du\u0161an Ho\u010devar) &nbsp;<\/p>\n","protected":false},"author":1,"featured_media":0,"comment_status":"closed","ping_status":"open","sticky":false,"template":"","format":"standard","meta":{"ngg_post_thumbnail":0,"footnotes":""},"categories":[4,7],"tags":[],"class_list":["post-3117","post","type-post","status-publish","format-standard","hentry","category-dog","category-tsola"],"aioseo_notices":[],"_links":{"self":[{"href":"http:\/\/www.tenis-krka.org\/index.php?rest_route=\/wp\/v2\/posts\/3117","targetHints":{"allow":["GET"]}}],"collection":[{"href":"http:\/\/www.tenis-krka.org\/index.php?rest_route=\/wp\/v2\/posts"}],"about":[{"href":"http:\/\/www.tenis-krka.org\/index.php?rest_route=\/wp\/v2\/types\/post"}],"author":[{"embeddable":true,"href":"http:\/\/www.tenis-krka.org\/index.php?rest_route=\/wp\/v2\/users\/1"}],"replies":[{"embeddable":true,"href":"http:\/\/www.tenis-krka.org\/index.php?rest_route=%2Fwp%2Fv2%2Fcomments&post=3117"}],"version-history":[{"count":1,"href":"http:\/\/www.tenis-krka.org\/index.php?rest_route=\/wp\/v2\/posts\/3117\/revisions"}],"predecessor-version":[{"id":3119,"href":"http:\/\/www.tenis-krka.org\/index.php?rest_route=\/wp\/v2\/posts\/3117\/revisions\/3119"}],"wp:attachment":[{"href":"http:\/\/www.tenis-krka.org\/index.php?rest_route=%2Fwp%2Fv2%2Fmedia&parent=3117"}],"wp:term":[{"taxonomy":"category","embeddable":true,"href":"http:\/\/www.tenis-krka.org\/index.php?rest_route=%2Fwp%2Fv2%2Fcategories&post=3117"},{"taxonomy":"post_tag","embeddable":true,"href":"http:\/\/www.tenis-krka.org\/index.php?rest_route=%2Fwp%2Fv2%2Ftags&post=3117"}],"curies":[{"name":"wp","href":"https:\/\/api.w.org\/{rel}","templated":true}]}}