{"id":3096,"date":"2016-02-11T11:48:22","date_gmt":"2016-02-11T09:48:22","guid":{"rendered":"http:\/\/www.tenis-krka.org\/?p=3096"},"modified":"2019-05-27T15:15:57","modified_gmt":"2019-05-27T13:15:57","slug":"rok-za-prijavo-na-tecaj-za-trenerja-tenisa-d-se-zakljuci-12-2-2016","status":"publish","type":"post","link":"http:\/\/www.tenis-krka.org\/?p=3096","title":{"rendered":"Rok za prijavo na te\u010daj za trenerja tenisa D se zaklju\u010di 12.2.2016"},"content":{"rendered":"<p>V petek, 12.2.2016 pote\u010de rok za prijavo na prvi te\u010daj za trenerje tenisa D, ki se pri\u010dne v petek, 26.2.2016.<\/p>\n<p>Prilo\u017eeni so razpisi za te\u010daje v letu 2016.<\/p>\n<p>&nbsp;<\/p>\n<p>Ve\u010d informacij si lahko ogledate na <a href=\"http:\/\/www.aftennis.si\/\">www.aftennis.si<\/a>, kjer se lahko tudi prijavite.<\/p>\n<p>&nbsp;<\/p>\n","protected":false},"excerpt":{"rendered":"<p>V petek, 12.2.2016 pote\u010de rok za prijavo na prvi te\u010daj za trenerje tenisa D, ki se pri\u010dne v petek, 26.2.2016. Prilo\u017eeni so razpisi za te\u010daje v letu 2016. &nbsp; Ve\u010d informacij si lahko ogledate na www.aftennis.si, kjer se lahko tudi prijavite. &nbsp;<\/p>\n","protected":false},"author":1,"featured_media":0,"comment_status":"closed","ping_status":"open","sticky":false,"template":"","format":"standard","meta":{"ngg_post_thumbnail":0,"footnotes":""},"categories":[4],"tags":[],"class_list":["post-3096","post","type-post","status-publish","format-standard","hentry","category-dog"],"aioseo_notices":[],"_links":{"self":[{"href":"http:\/\/www.tenis-krka.org\/index.php?rest_route=\/wp\/v2\/posts\/3096","targetHints":{"allow":["GET"]}}],"collection":[{"href":"http:\/\/www.tenis-krka.org\/index.php?rest_route=\/wp\/v2\/posts"}],"about":[{"href":"http:\/\/www.tenis-krka.org\/index.php?rest_route=\/wp\/v2\/types\/post"}],"author":[{"embeddable":true,"href":"http:\/\/www.tenis-krka.org\/index.php?rest_route=\/wp\/v2\/users\/1"}],"replies":[{"embeddable":true,"href":"http:\/\/www.tenis-krka.org\/index.php?rest_route=%2Fwp%2Fv2%2Fcomments&post=3096"}],"version-history":[{"count":2,"href":"http:\/\/www.tenis-krka.org\/index.php?rest_route=\/wp\/v2\/posts\/3096\/revisions"}],"predecessor-version":[{"id":3098,"href":"http:\/\/www.tenis-krka.org\/index.php?rest_route=\/wp\/v2\/posts\/3096\/revisions\/3098"}],"wp:attachment":[{"href":"http:\/\/www.tenis-krka.org\/index.php?rest_route=%2Fwp%2Fv2%2Fmedia&parent=3096"}],"wp:term":[{"taxonomy":"category","embeddable":true,"href":"http:\/\/www.tenis-krka.org\/index.php?rest_route=%2Fwp%2Fv2%2Fcategories&post=3096"},{"taxonomy":"post_tag","embeddable":true,"href":"http:\/\/www.tenis-krka.org\/index.php?rest_route=%2Fwp%2Fv2%2Ftags&post=3096"}],"curies":[{"name":"wp","href":"https:\/\/api.w.org\/{rel}","templated":true}]}}