{"id":3079,"date":"2016-01-18T11:43:14","date_gmt":"2016-01-18T09:43:14","guid":{"rendered":"http:\/\/www.tenis-krka.org\/?p=3079"},"modified":"2019-05-27T15:15:57","modified_gmt":"2019-05-27T13:15:57","slug":"ziva-falkner-drzavna-prvakinja-v-tenisu-do-14-let","status":"publish","type":"post","link":"http:\/\/www.tenis-krka.org\/?p=3079","title":{"rendered":"\u017diva Falkner dr\u017eavna prvakinja v tenisu do 14 let"},"content":{"rendered":"<p><a href=\"http:\/\/www.tenis-krka.org\/wp-content\/uploads\/2016\/01\/DP-14-zmagovalci.jpg\"><img loading=\"lazy\" decoding=\"async\" class=\"alignleft size-medium wp-image-3080\" src=\"http:\/\/www.tenis-krka.org\/wp-content\/uploads\/2016\/01\/DP-14-zmagovalci-300x170.jpg\" alt=\"DP 14 zmagovalci\" width=\"300\" height=\"170\" srcset=\"http:\/\/www.tenis-krka.org\/wp-content\/uploads\/2016\/01\/DP-14-zmagovalci-300x170.jpg 300w, http:\/\/www.tenis-krka.org\/wp-content\/uploads\/2016\/01\/DP-14-zmagovalci-1024x579.jpg 1024w, http:\/\/www.tenis-krka.org\/wp-content\/uploads\/2016\/01\/DP-14-zmagovalci.jpg 1471w\" sizes=\"auto, (max-width: 300px) 100vw, 300px\" \/><\/a><a href=\"http:\/\/www.tenis-krka.org\/wp-content\/uploads\/2016\/01\/DP-14-ziva-in-gordan.jpg\"><img loading=\"lazy\" decoding=\"async\" class=\"alignleft size-medium wp-image-3081\" src=\"http:\/\/www.tenis-krka.org\/wp-content\/uploads\/2016\/01\/DP-14-ziva-in-gordan-300x170.jpg\" alt=\"DP 14 ziva in gordan\" width=\"300\" height=\"170\" srcset=\"http:\/\/www.tenis-krka.org\/wp-content\/uploads\/2016\/01\/DP-14-ziva-in-gordan-300x170.jpg 300w, http:\/\/www.tenis-krka.org\/wp-content\/uploads\/2016\/01\/DP-14-ziva-in-gordan-1024x579.jpg 1024w, http:\/\/www.tenis-krka.org\/wp-content\/uploads\/2016\/01\/DP-14-ziva-in-gordan.jpg 1471w\" sizes=\"auto, (max-width: 300px) 100vw, 300px\" \/><\/a>Na Oto\u010dcu se je dr\u017eavno prvenstvo za de\u010dke in deklice prevesilo v zaklju\u010dno fazo.<\/p>\n<p>Prvi finalistki sta 1. nosilka <strong>Pia LOVRI\u010c<\/strong> (Dom\u017eale) in 2. nosilka <strong>\u017diva FALKNER<\/strong> (Oto\u010dec). Obe sta bili do finala prepri\u010dljivi in sta trenutno v tej starostni kategoriji brez prave konkurence. To sta pokazala tudi polfinalna rezultata. Pia LOVRI\u010c je Aleo BUBEK (N.Gorica) premagala s 6-1 6-0, \u017diva FALKNER je bila od Taje LON\u010cARI\u010c (Ptuj) bolj\u0161a s 6-0 6-0. Sicer pa sta obe igralki na celotnem turnirju izgubili vsega 8 oz. 9 iger.<\/p>\n<p><strong><u>V finalnem dvoboju \u00a0\u00a0je bila bolj\u0161a doma\u010da igralka \u017diva Falkner z rezultatom 63 60 in s tem osvojila naslov dr\u017eavne prvakinje do 14 let in potrdila, da je najbolj\u0161a igralka v Sloveniji v tej kategoriji. V naslednjem mesecu sledijo preizku\u0161nje \u00a0na najbolj\u0161ih \u00a0evropskih turnirjih v Franciji in \u0160vedskem.<\/u><\/strong><\/p>\n<p><span style=\"color: #ff0000\"><b><u>BRAVO \u017dIVA<\/u><\/b><\/span><\/p>\n","protected":false},"excerpt":{"rendered":"<p>Na Oto\u010dcu se je dr\u017eavno prvenstvo za de\u010dke in deklice prevesilo v zaklju\u010dno fazo. Prvi finalistki sta 1. nosilka Pia LOVRI\u010c (Dom\u017eale) in 2. nosilka \u017diva FALKNER (Oto\u010dec). Obe sta bili do finala prepri\u010dljivi in sta trenutno v tej starostni kategoriji brez prave konkurence. To sta pokazala tudi polfinalna rezultata. Pia LOVRI\u010c je Aleo BUBEK [&hellip;]<\/p>\n","protected":false},"author":1,"featured_media":0,"comment_status":"closed","ping_status":"open","sticky":false,"template":"","format":"standard","meta":{"ngg_post_thumbnail":0,"footnotes":""},"categories":[20,6],"tags":[],"class_list":["post-3079","post","type-post","status-publish","format-standard","hentry","category-turnirji","category-rezult"],"aioseo_notices":[],"_links":{"self":[{"href":"http:\/\/www.tenis-krka.org\/index.php?rest_route=\/wp\/v2\/posts\/3079","targetHints":{"allow":["GET"]}}],"collection":[{"href":"http:\/\/www.tenis-krka.org\/index.php?rest_route=\/wp\/v2\/posts"}],"about":[{"href":"http:\/\/www.tenis-krka.org\/index.php?rest_route=\/wp\/v2\/types\/post"}],"author":[{"embeddable":true,"href":"http:\/\/www.tenis-krka.org\/index.php?rest_route=\/wp\/v2\/users\/1"}],"replies":[{"embeddable":true,"href":"http:\/\/www.tenis-krka.org\/index.php?rest_route=%2Fwp%2Fv2%2Fcomments&post=3079"}],"version-history":[{"count":1,"href":"http:\/\/www.tenis-krka.org\/index.php?rest_route=\/wp\/v2\/posts\/3079\/revisions"}],"predecessor-version":[{"id":3082,"href":"http:\/\/www.tenis-krka.org\/index.php?rest_route=\/wp\/v2\/posts\/3079\/revisions\/3082"}],"wp:attachment":[{"href":"http:\/\/www.tenis-krka.org\/index.php?rest_route=%2Fwp%2Fv2%2Fmedia&parent=3079"}],"wp:term":[{"taxonomy":"category","embeddable":true,"href":"http:\/\/www.tenis-krka.org\/index.php?rest_route=%2Fwp%2Fv2%2Fcategories&post=3079"},{"taxonomy":"post_tag","embeddable":true,"href":"http:\/\/www.tenis-krka.org\/index.php?rest_route=%2Fwp%2Fv2%2Ftags&post=3079"}],"curies":[{"name":"wp","href":"https:\/\/api.w.org\/{rel}","templated":true}]}}