{"id":3034,"date":"2015-09-22T12:54:04","date_gmt":"2015-09-22T10:54:04","guid":{"rendered":"http:\/\/www.tenis-krka.org\/?p=3034"},"modified":"2019-05-27T15:15:58","modified_gmt":"2019-05-27T13:15:58","slug":"mladi-tenisaci-iz-os-grm-in-os-center","status":"publish","type":"post","link":"http:\/\/www.tenis-krka.org\/?p=3034","title":{"rendered":"Mladi tenisa\u010di iz O\u0160 Grm in O\u0160 Center"},"content":{"rendered":"<p><a href=\"http:\/\/www.tenis-krka.org\/wp-content\/uploads\/2015\/09\/O\u0160-grm2.jpg\"><img loading=\"lazy\" decoding=\"async\" class=\"alignleft size-medium wp-image-3036\" src=\"http:\/\/www.tenis-krka.org\/wp-content\/uploads\/2015\/09\/O\u0160-grm2-300x170.jpg\" alt=\"O\u0160 grm2\" width=\"300\" height=\"170\" srcset=\"http:\/\/www.tenis-krka.org\/wp-content\/uploads\/2015\/09\/O\u0160-grm2-300x170.jpg 300w, http:\/\/www.tenis-krka.org\/wp-content\/uploads\/2015\/09\/O\u0160-grm2-1024x579.jpg 1024w, http:\/\/www.tenis-krka.org\/wp-content\/uploads\/2015\/09\/O\u0160-grm2.jpg 1471w\" sizes=\"auto, (max-width: 300px) 100vw, 300px\" \/><\/a>Trener Du\u0161an Ho\u010devar je pri\u010del z vadbo \u00a0v O\u0160 Grm in O\u0160 Center v Novem mestu v pred urah ob 7.30.<\/p>\n<p>Odziv je dober in za kasneje upamo, da postanejo del ekipe TK Krka Oto\u010dec.<\/p>\n<p>Bravo Du\u0161an.<\/p>\n<p>(mh)<\/p>\n<p>&nbsp;<\/p>\n<p><a href=\"http:\/\/www.tenis-krka.org\/wp-content\/uploads\/2015\/09\/O\u0160-Grm.jpg\"><img loading=\"lazy\" decoding=\"async\" class=\"alignleft size-thumbnail wp-image-3035\" src=\"http:\/\/www.tenis-krka.org\/wp-content\/uploads\/2015\/09\/O\u0160-Grm-150x150.jpg\" alt=\"O\u0160 Grm\" width=\"150\" height=\"150\" \/><\/a><\/p>\n","protected":false},"excerpt":{"rendered":"<p>Trener Du\u0161an Ho\u010devar je pri\u010del z vadbo \u00a0v O\u0160 Grm in O\u0160 Center v Novem mestu v pred urah ob 7.30. Odziv je dober in za kasneje upamo, da postanejo del ekipe TK Krka Oto\u010dec. Bravo Du\u0161an. (mh) &nbsp;<\/p>\n","protected":false},"author":1,"featured_media":0,"comment_status":"closed","ping_status":"open","sticky":false,"template":"","format":"standard","meta":{"ngg_post_thumbnail":0,"footnotes":""},"categories":[4,7],"tags":[],"class_list":["post-3034","post","type-post","status-publish","format-standard","hentry","category-dog","category-tsola"],"aioseo_notices":[],"_links":{"self":[{"href":"http:\/\/www.tenis-krka.org\/index.php?rest_route=\/wp\/v2\/posts\/3034","targetHints":{"allow":["GET"]}}],"collection":[{"href":"http:\/\/www.tenis-krka.org\/index.php?rest_route=\/wp\/v2\/posts"}],"about":[{"href":"http:\/\/www.tenis-krka.org\/index.php?rest_route=\/wp\/v2\/types\/post"}],"author":[{"embeddable":true,"href":"http:\/\/www.tenis-krka.org\/index.php?rest_route=\/wp\/v2\/users\/1"}],"replies":[{"embeddable":true,"href":"http:\/\/www.tenis-krka.org\/index.php?rest_route=%2Fwp%2Fv2%2Fcomments&post=3034"}],"version-history":[{"count":1,"href":"http:\/\/www.tenis-krka.org\/index.php?rest_route=\/wp\/v2\/posts\/3034\/revisions"}],"predecessor-version":[{"id":3037,"href":"http:\/\/www.tenis-krka.org\/index.php?rest_route=\/wp\/v2\/posts\/3034\/revisions\/3037"}],"wp:attachment":[{"href":"http:\/\/www.tenis-krka.org\/index.php?rest_route=%2Fwp%2Fv2%2Fmedia&parent=3034"}],"wp:term":[{"taxonomy":"category","embeddable":true,"href":"http:\/\/www.tenis-krka.org\/index.php?rest_route=%2Fwp%2Fv2%2Fcategories&post=3034"},{"taxonomy":"post_tag","embeddable":true,"href":"http:\/\/www.tenis-krka.org\/index.php?rest_route=%2Fwp%2Fv2%2Ftags&post=3034"}],"curies":[{"name":"wp","href":"https:\/\/api.w.org\/{rel}","templated":true}]}}