{"id":2996,"date":"2015-07-01T22:57:39","date_gmt":"2015-07-01T20:57:39","guid":{"rendered":"http:\/\/www.tenis-krka.org\/?p=2996"},"modified":"2019-05-27T15:15:58","modified_gmt":"2019-05-27T13:15:58","slug":"teniski-klub-krka-otocec-organizira-ze-tradicionalna-mednarodna-teniska-turnirja-za-otroke-do-12-in-14-let-krka-cup-2015","status":"publish","type":"post","link":"http:\/\/www.tenis-krka.org\/?p=2996","title":{"rendered":"Teni\u0161ki klub KRKA Oto\u010dec organizira \u017ee tradicionalna &#8211;  mednarodna teni\u0161ka turnirja za otroke do 12 in 14 let \u00bb KRKA CUP 2015 \u00bb"},"content":{"rendered":"<p><strong><a href=\"http:\/\/www.tenis-krka.org\/wp-content\/uploads\/2015\/06\/TEEU14.jpg\"><img loading=\"lazy\" decoding=\"async\" class=\"alignleft size-medium wp-image-2983\" src=\"http:\/\/www.tenis-krka.org\/wp-content\/uploads\/2015\/06\/TEEU14-212x300.jpg\" alt=\"TEEU14\" width=\"212\" height=\"300\" srcset=\"http:\/\/www.tenis-krka.org\/wp-content\/uploads\/2015\/06\/TEEU14-212x300.jpg 212w, http:\/\/www.tenis-krka.org\/wp-content\/uploads\/2015\/06\/TEEU14.jpg 556w\" sizes=\"auto, (max-width: 212px) 100vw, 212px\" \/><\/a><a href=\"http:\/\/www.tenis-krka.org\/wp-content\/uploads\/2015\/06\/TEEUR12.jpg\"><img loading=\"lazy\" decoding=\"async\" class=\"alignleft size-medium wp-image-2982\" src=\"http:\/\/www.tenis-krka.org\/wp-content\/uploads\/2015\/06\/TEEUR12-212x300.jpg\" alt=\"TEEUR12\" width=\"212\" height=\"300\" srcset=\"http:\/\/www.tenis-krka.org\/wp-content\/uploads\/2015\/06\/TEEUR12-212x300.jpg 212w, http:\/\/www.tenis-krka.org\/wp-content\/uploads\/2015\/06\/TEEUR12.jpg 556w\" sizes=\"auto, (max-width: 212px) 100vw, 212px\" \/><\/a>\u00a0 \u00a0 \u00a0 \u00a0 \u00a0V \u00a0klubu najve\u010d pri\u010dakujemo od nastopov \u00a0 doma\u010dih: \u00a0Rangus Tima, \u00a0Re\u0161eti\u010d Andra\u017ea, Mijatovi\u010d Viktorja in Kav\u0161ek Jakoba\u2026..<\/strong><\/p>\n<p>Pridite v \u0160portni center na Oto\u010dec in se oglejte lepe teni\u0161ke igre.<\/p>\n<p>Vabljeni na ogled tekmovanj vsak dan od 9.00 dalje\u2026<\/p>\n","protected":false},"excerpt":{"rendered":"<p>\u00a0 \u00a0 \u00a0 \u00a0 \u00a0V \u00a0klubu najve\u010d pri\u010dakujemo od nastopov \u00a0 doma\u010dih: \u00a0Rangus Tima, \u00a0Re\u0161eti\u010d Andra\u017ea, Mijatovi\u010d Viktorja in Kav\u0161ek Jakoba\u2026.. Pridite v \u0160portni center na Oto\u010dec in se oglejte lepe teni\u0161ke igre. Vabljeni na ogled tekmovanj vsak dan od 9.00 dalje\u2026<\/p>\n","protected":false},"author":1,"featured_media":0,"comment_status":"closed","ping_status":"open","sticky":false,"template":"","format":"standard","meta":{"ngg_post_thumbnail":0,"footnotes":""},"categories":[4,28,20],"tags":[],"class_list":["post-2996","post","type-post","status-publish","format-standard","hentry","category-dog","category-napovednik","category-turnirji"],"aioseo_notices":[],"_links":{"self":[{"href":"http:\/\/www.tenis-krka.org\/index.php?rest_route=\/wp\/v2\/posts\/2996","targetHints":{"allow":["GET"]}}],"collection":[{"href":"http:\/\/www.tenis-krka.org\/index.php?rest_route=\/wp\/v2\/posts"}],"about":[{"href":"http:\/\/www.tenis-krka.org\/index.php?rest_route=\/wp\/v2\/types\/post"}],"author":[{"embeddable":true,"href":"http:\/\/www.tenis-krka.org\/index.php?rest_route=\/wp\/v2\/users\/1"}],"replies":[{"embeddable":true,"href":"http:\/\/www.tenis-krka.org\/index.php?rest_route=%2Fwp%2Fv2%2Fcomments&post=2996"}],"version-history":[{"count":4,"href":"http:\/\/www.tenis-krka.org\/index.php?rest_route=\/wp\/v2\/posts\/2996\/revisions"}],"predecessor-version":[{"id":3000,"href":"http:\/\/www.tenis-krka.org\/index.php?rest_route=\/wp\/v2\/posts\/2996\/revisions\/3000"}],"wp:attachment":[{"href":"http:\/\/www.tenis-krka.org\/index.php?rest_route=%2Fwp%2Fv2%2Fmedia&parent=2996"}],"wp:term":[{"taxonomy":"category","embeddable":true,"href":"http:\/\/www.tenis-krka.org\/index.php?rest_route=%2Fwp%2Fv2%2Fcategories&post=2996"},{"taxonomy":"post_tag","embeddable":true,"href":"http:\/\/www.tenis-krka.org\/index.php?rest_route=%2Fwp%2Fv2%2Ftags&post=2996"}],"curies":[{"name":"wp","href":"https:\/\/api.w.org\/{rel}","templated":true}]}}