{"id":2989,"date":"2015-06-16T08:50:49","date_gmt":"2015-06-16T06:50:49","guid":{"rendered":"http:\/\/www.tenis-krka.org\/?p=2989"},"modified":"2019-05-27T15:15:58","modified_gmt":"2019-05-27T13:15:58","slug":"op-do-16-let-v-novem-mestu","status":"publish","type":"post","link":"http:\/\/www.tenis-krka.org\/?p=2989","title":{"rendered":"OP do 16 let v Novem mestu"},"content":{"rendered":"<p><a href=\"http:\/\/www.tenis-krka.org\/wp-content\/uploads\/2015\/06\/tennis-ball.jpg\"><img loading=\"lazy\" decoding=\"async\" class=\"alignleft  wp-image-2991\" src=\"http:\/\/www.tenis-krka.org\/wp-content\/uploads\/2015\/06\/tennis-ball.jpg\" alt=\"tennis-ball\" width=\"133\" height=\"102\" srcset=\"http:\/\/www.tenis-krka.org\/wp-content\/uploads\/2015\/06\/tennis-ball.jpg 800w, http:\/\/www.tenis-krka.org\/wp-content\/uploads\/2015\/06\/tennis-ball-300x230.jpg 300w\" sizes=\"auto, (max-width: 133px) 100vw, 133px\" \/><\/a>14 letni <strong>Tim Rangus<\/strong>\u00a0je v \u00a0konkurenci dvojic osvojil 2. Mesto.<\/p>\n<p><span style=\"color: #ff0000\"><strong> Bravo Tim!!<\/strong><\/span><\/p>\n<p>V glavnem turnirju so nastopili \u0161e Andra\u017e Re\u0161eti\u010d, Viktor Mijatovi\u010d in prvi\u010d na turnirju Maj Mi\u0161jak.<\/p>\n","protected":false},"excerpt":{"rendered":"<p>14 letni Tim Rangus\u00a0je v \u00a0konkurenci dvojic osvojil 2. Mesto. Bravo Tim!! V glavnem turnirju so nastopili \u0161e Andra\u017e Re\u0161eti\u010d, Viktor Mijatovi\u010d in prvi\u010d na turnirju Maj Mi\u0161jak.<\/p>\n","protected":false},"author":1,"featured_media":0,"comment_status":"closed","ping_status":"open","sticky":false,"template":"","format":"standard","meta":{"ngg_post_thumbnail":0,"footnotes":""},"categories":[6],"tags":[],"class_list":["post-2989","post","type-post","status-publish","format-standard","hentry","category-rezult"],"aioseo_notices":[],"_links":{"self":[{"href":"http:\/\/www.tenis-krka.org\/index.php?rest_route=\/wp\/v2\/posts\/2989","targetHints":{"allow":["GET"]}}],"collection":[{"href":"http:\/\/www.tenis-krka.org\/index.php?rest_route=\/wp\/v2\/posts"}],"about":[{"href":"http:\/\/www.tenis-krka.org\/index.php?rest_route=\/wp\/v2\/types\/post"}],"author":[{"embeddable":true,"href":"http:\/\/www.tenis-krka.org\/index.php?rest_route=\/wp\/v2\/users\/1"}],"replies":[{"embeddable":true,"href":"http:\/\/www.tenis-krka.org\/index.php?rest_route=%2Fwp%2Fv2%2Fcomments&post=2989"}],"version-history":[{"count":3,"href":"http:\/\/www.tenis-krka.org\/index.php?rest_route=\/wp\/v2\/posts\/2989\/revisions"}],"predecessor-version":[{"id":2993,"href":"http:\/\/www.tenis-krka.org\/index.php?rest_route=\/wp\/v2\/posts\/2989\/revisions\/2993"}],"wp:attachment":[{"href":"http:\/\/www.tenis-krka.org\/index.php?rest_route=%2Fwp%2Fv2%2Fmedia&parent=2989"}],"wp:term":[{"taxonomy":"category","embeddable":true,"href":"http:\/\/www.tenis-krka.org\/index.php?rest_route=%2Fwp%2Fv2%2Fcategories&post=2989"},{"taxonomy":"post_tag","embeddable":true,"href":"http:\/\/www.tenis-krka.org\/index.php?rest_route=%2Fwp%2Fv2%2Ftags&post=2989"}],"curies":[{"name":"wp","href":"https:\/\/api.w.org\/{rel}","templated":true}]}}