{"id":2966,"date":"2015-06-02T09:21:39","date_gmt":"2015-06-02T07:21:39","guid":{"rendered":"http:\/\/www.tenis-krka.org\/?p=2966"},"modified":"2019-05-27T15:15:58","modified_gmt":"2019-05-27T13:15:58","slug":"jakob-in-jani-odlicna-v-mariboru","status":"publish","type":"post","link":"http:\/\/www.tenis-krka.org\/?p=2966","title":{"rendered":"Jakob in Jani odli\u010dna v Mariboru 31.5.2015"},"content":{"rendered":"<div dir=\"ltr\">\n<div id=\"attachment_2967\" style=\"width: 310px\" class=\"wp-caption alignleft\"><a href=\"http:\/\/www.tenis-krka.org\/wp-content\/uploads\/2015\/06\/Jakob-Kavsek.jpg\"><img loading=\"lazy\" decoding=\"async\" aria-describedby=\"caption-attachment-2967\" class=\"size-medium wp-image-2967\" src=\"http:\/\/www.tenis-krka.org\/wp-content\/uploads\/2015\/06\/Jakob-Kavsek-300x216.jpg\" alt=\"Jakob Kav\u0161ek TK Krka Oto\u010dec\" width=\"300\" height=\"216\" srcset=\"http:\/\/www.tenis-krka.org\/wp-content\/uploads\/2015\/06\/Jakob-Kavsek-300x216.jpg 300w, http:\/\/www.tenis-krka.org\/wp-content\/uploads\/2015\/06\/Jakob-Kavsek.jpg 700w\" sizes=\"auto, (max-width: 300px) 100vw, 300px\" \/><\/a><p id=\"caption-attachment-2967\" class=\"wp-caption-text\">Jakob Kav\u0161ek TK Krka Oto\u010dec<\/p><\/div>\n<div id=\"attachment_2968\" style=\"width: 310px\" class=\"wp-caption alignleft\"><a href=\"http:\/\/www.tenis-krka.org\/wp-content\/uploads\/2015\/06\/Jani-Retelj.jpg\"><img loading=\"lazy\" decoding=\"async\" aria-describedby=\"caption-attachment-2968\" class=\"size-medium wp-image-2968\" src=\"http:\/\/www.tenis-krka.org\/wp-content\/uploads\/2015\/06\/Jani-Retelj-300x224.jpg\" alt=\"Jani Retelj TK Krka Oto\u010dec\" width=\"300\" height=\"224\" srcset=\"http:\/\/www.tenis-krka.org\/wp-content\/uploads\/2015\/06\/Jani-Retelj-300x224.jpg 300w, http:\/\/www.tenis-krka.org\/wp-content\/uploads\/2015\/06\/Jani-Retelj.jpg 640w\" sizes=\"auto, (max-width: 300px) 100vw, 300px\" \/><\/a><p id=\"caption-attachment-2968\" class=\"wp-caption-text\">Jani Retelj TK Krka Oto\u010dec<\/p><\/div>\n<p>Ta vikend je v Mariboru potekal turnir od 8 do 11 let, na katerem sta igralca Tk Krka Oto\u010dec, Jakob Kav\u0161ek in Jani Retelj nastopila odli\u010dno.<\/p>\n<\/div>\n<div dir=\"ltr\">Tako Jakob, kot Jani sta izgubila po hudem boju \u0161ele v finalu.<\/div>\n<div dir=\"ltr\"><\/div>\n<div dir=\"ltr\"><span style=\"color: #ff0000\"><strong>\u010cESTITAMO<\/strong><\/span><\/div>\n","protected":false},"excerpt":{"rendered":"<p>Ta vikend je v Mariboru potekal turnir od 8 do 11 let, na katerem sta igralca Tk Krka Oto\u010dec, Jakob Kav\u0161ek in Jani Retelj nastopila odli\u010dno. Tako Jakob, kot Jani sta izgubila po hudem boju \u0161ele v finalu. \u010cESTITAMO<\/p>\n","protected":false},"author":1,"featured_media":0,"comment_status":"closed","ping_status":"open","sticky":false,"template":"","format":"standard","meta":{"ngg_post_thumbnail":0,"footnotes":""},"categories":[6],"tags":[],"class_list":["post-2966","post","type-post","status-publish","format-standard","hentry","category-rezult"],"aioseo_notices":[],"_links":{"self":[{"href":"http:\/\/www.tenis-krka.org\/index.php?rest_route=\/wp\/v2\/posts\/2966","targetHints":{"allow":["GET"]}}],"collection":[{"href":"http:\/\/www.tenis-krka.org\/index.php?rest_route=\/wp\/v2\/posts"}],"about":[{"href":"http:\/\/www.tenis-krka.org\/index.php?rest_route=\/wp\/v2\/types\/post"}],"author":[{"embeddable":true,"href":"http:\/\/www.tenis-krka.org\/index.php?rest_route=\/wp\/v2\/users\/1"}],"replies":[{"embeddable":true,"href":"http:\/\/www.tenis-krka.org\/index.php?rest_route=%2Fwp%2Fv2%2Fcomments&post=2966"}],"version-history":[{"count":2,"href":"http:\/\/www.tenis-krka.org\/index.php?rest_route=\/wp\/v2\/posts\/2966\/revisions"}],"predecessor-version":[{"id":2970,"href":"http:\/\/www.tenis-krka.org\/index.php?rest_route=\/wp\/v2\/posts\/2966\/revisions\/2970"}],"wp:attachment":[{"href":"http:\/\/www.tenis-krka.org\/index.php?rest_route=%2Fwp%2Fv2%2Fmedia&parent=2966"}],"wp:term":[{"taxonomy":"category","embeddable":true,"href":"http:\/\/www.tenis-krka.org\/index.php?rest_route=%2Fwp%2Fv2%2Fcategories&post=2966"},{"taxonomy":"post_tag","embeddable":true,"href":"http:\/\/www.tenis-krka.org\/index.php?rest_route=%2Fwp%2Fv2%2Ftags&post=2966"}],"curies":[{"name":"wp","href":"https:\/\/api.w.org\/{rel}","templated":true}]}}