{"id":2956,"date":"2015-05-21T08:22:35","date_gmt":"2015-05-21T06:22:35","guid":{"rendered":"http:\/\/www.tenis-krka.org\/?p=2956"},"modified":"2019-05-27T15:15:58","modified_gmt":"2019-05-27T13:15:58","slug":"ziva-se-naprej-v-slogu-sampionke","status":"publish","type":"post","link":"http:\/\/www.tenis-krka.org\/?p=2956","title":{"rendered":"\u017diva \u0161e naprej v slogu \u0161ampionke"},"content":{"rendered":"<p><a href=\"http:\/\/www.tenis-krka.org\/wp-content\/uploads\/2015\/05\/\u017diva-in-Gordan.jpg\"><img loading=\"lazy\" decoding=\"async\" class=\"alignleft size-medium wp-image-2957\" src=\"http:\/\/www.tenis-krka.org\/wp-content\/uploads\/2015\/05\/\u017diva-in-Gordan-225x300.jpg\" alt=\"\u017diva in Gordan\" width=\"225\" height=\"300\" srcset=\"http:\/\/www.tenis-krka.org\/wp-content\/uploads\/2015\/05\/\u017diva-in-Gordan-225x300.jpg 225w, http:\/\/www.tenis-krka.org\/wp-content\/uploads\/2015\/05\/\u017diva-in-Gordan.jpg 626w\" sizes=\"auto, (max-width: 225px) 100vw, 225px\" \/><\/a><a href=\"http:\/\/www.tenis-krka.org\/wp-content\/uploads\/2015\/05\/\u017diva-Zagreb.jpg\"><img loading=\"lazy\" decoding=\"async\" class=\"alignleft size-medium wp-image-2958\" src=\"http:\/\/www.tenis-krka.org\/wp-content\/uploads\/2015\/05\/\u017diva-Zagreb-225x300.jpg\" alt=\"\u017diva Zagreb\" width=\"225\" height=\"300\" srcset=\"http:\/\/www.tenis-krka.org\/wp-content\/uploads\/2015\/05\/\u017diva-Zagreb-225x300.jpg 225w, http:\/\/www.tenis-krka.org\/wp-content\/uploads\/2015\/05\/\u017diva-Zagreb.jpg 626w\" sizes=\"auto, (max-width: 225px) 100vw, 225px\" \/><\/a>\u017diva Falkner dokazuje zakaj je med najbolj perspektivnimi igralkami Evrope. Osvaja turnirje kjer se zbirajo najbolj\u0161e igralke do 14 let. Dejstvo, da ima \u017diva 13 let in bo \u0161e naslednje leto sodelovala v isti kategoriji, pa je \u0161e ve\u010dji dokaz o nesporni igralki bodo\u010dnosti.<\/p>\n<p>Osvojila je TENNIS EUROPE GRAWE MARIBOR in<\/p>\n<p>GRILL TENNIS EUROPE Zagreb.<\/p>\n<h3><span style=\"color: #ff0000\"><strong>\u010cestitamo \u017divi in njeni ekipi<\/strong><\/span><\/h3>\n<p>&nbsp;<\/p>\n","protected":false},"excerpt":{"rendered":"<p>\u017diva Falkner dokazuje zakaj je med najbolj perspektivnimi igralkami Evrope. Osvaja turnirje kjer se zbirajo najbolj\u0161e igralke do 14 let. Dejstvo, da ima \u017diva 13 let in bo \u0161e naslednje leto sodelovala v isti kategoriji, pa je \u0161e ve\u010dji dokaz o nesporni igralki bodo\u010dnosti. Osvojila je TENNIS EUROPE GRAWE MARIBOR in GRILL TENNIS EUROPE Zagreb. [&hellip;]<\/p>\n","protected":false},"author":1,"featured_media":0,"comment_status":"closed","ping_status":"open","sticky":false,"template":"","format":"standard","meta":{"ngg_post_thumbnail":0,"footnotes":""},"categories":[6],"tags":[],"class_list":["post-2956","post","type-post","status-publish","format-standard","hentry","category-rezult"],"aioseo_notices":[],"_links":{"self":[{"href":"http:\/\/www.tenis-krka.org\/index.php?rest_route=\/wp\/v2\/posts\/2956","targetHints":{"allow":["GET"]}}],"collection":[{"href":"http:\/\/www.tenis-krka.org\/index.php?rest_route=\/wp\/v2\/posts"}],"about":[{"href":"http:\/\/www.tenis-krka.org\/index.php?rest_route=\/wp\/v2\/types\/post"}],"author":[{"embeddable":true,"href":"http:\/\/www.tenis-krka.org\/index.php?rest_route=\/wp\/v2\/users\/1"}],"replies":[{"embeddable":true,"href":"http:\/\/www.tenis-krka.org\/index.php?rest_route=%2Fwp%2Fv2%2Fcomments&post=2956"}],"version-history":[{"count":1,"href":"http:\/\/www.tenis-krka.org\/index.php?rest_route=\/wp\/v2\/posts\/2956\/revisions"}],"predecessor-version":[{"id":2959,"href":"http:\/\/www.tenis-krka.org\/index.php?rest_route=\/wp\/v2\/posts\/2956\/revisions\/2959"}],"wp:attachment":[{"href":"http:\/\/www.tenis-krka.org\/index.php?rest_route=%2Fwp%2Fv2%2Fmedia&parent=2956"}],"wp:term":[{"taxonomy":"category","embeddable":true,"href":"http:\/\/www.tenis-krka.org\/index.php?rest_route=%2Fwp%2Fv2%2Fcategories&post=2956"},{"taxonomy":"post_tag","embeddable":true,"href":"http:\/\/www.tenis-krka.org\/index.php?rest_route=%2Fwp%2Fv2%2Ftags&post=2956"}],"curies":[{"name":"wp","href":"https:\/\/api.w.org\/{rel}","templated":true}]}}