{"id":2953,"date":"2015-05-21T08:06:41","date_gmt":"2015-05-21T06:06:41","guid":{"rendered":"http:\/\/www.tenis-krka.org\/?p=2953"},"modified":"2019-05-27T15:15:58","modified_gmt":"2019-05-27T13:15:58","slug":"bor-odlicno-na-drzavnem-prvenstvu-do-18-let","status":"publish","type":"post","link":"http:\/\/www.tenis-krka.org\/?p=2953","title":{"rendered":"Bor odli\u010dno na dr\u017eavnem prvenstvu do 18 let"},"content":{"rendered":"<p>V Litiji je potekalo dr\u017eavno prvenstvo do 18 let.<\/p>\n<p><a href=\"http:\/\/www.tenis-krka.org\/wp-content\/uploads\/2015\/05\/Bor-Dr\u017eavno2015-e1432188385796.jpg\"><img loading=\"lazy\" decoding=\"async\" class=\"alignleft size-medium wp-image-2954\" src=\"http:\/\/www.tenis-krka.org\/wp-content\/uploads\/2015\/05\/Bor-Dr\u017eavno2015-e1432188385796-300x287.jpg\" alt=\"Bor Dr\u017eavno2015\" width=\"300\" height=\"287\" srcset=\"http:\/\/www.tenis-krka.org\/wp-content\/uploads\/2015\/05\/Bor-Dr\u017eavno2015-e1432188385796-300x287.jpg 300w, http:\/\/www.tenis-krka.org\/wp-content\/uploads\/2015\/05\/Bor-Dr\u017eavno2015-e1432188385796.jpg 573w\" sizes=\"auto, (max-width: 300px) 100vw, 300px\" \/><\/a>Odli\u010dno je odigral Bor Schweiger Mu\u017ear.<\/p>\n<p>V kategoriji posameznikov je podprvak, prav tako pa med dvojicami.<\/p>\n<p>&nbsp;<\/p>\n<h3><span style=\"color: #ff0000\"><strong>Bravo Bor<\/strong><\/span><\/h3>\n","protected":false},"excerpt":{"rendered":"<p>V Litiji je potekalo dr\u017eavno prvenstvo do 18 let. Odli\u010dno je odigral Bor Schweiger Mu\u017ear. V kategoriji posameznikov je podprvak, prav tako pa med dvojicami. &nbsp; Bravo Bor<\/p>\n","protected":false},"author":1,"featured_media":0,"comment_status":"closed","ping_status":"open","sticky":false,"template":"","format":"standard","meta":{"ngg_post_thumbnail":0,"footnotes":""},"categories":[6,1],"tags":[],"class_list":["post-2953","post","type-post","status-publish","format-standard","hentry","category-rezult","category-uncategorized"],"aioseo_notices":[],"_links":{"self":[{"href":"http:\/\/www.tenis-krka.org\/index.php?rest_route=\/wp\/v2\/posts\/2953","targetHints":{"allow":["GET"]}}],"collection":[{"href":"http:\/\/www.tenis-krka.org\/index.php?rest_route=\/wp\/v2\/posts"}],"about":[{"href":"http:\/\/www.tenis-krka.org\/index.php?rest_route=\/wp\/v2\/types\/post"}],"author":[{"embeddable":true,"href":"http:\/\/www.tenis-krka.org\/index.php?rest_route=\/wp\/v2\/users\/1"}],"replies":[{"embeddable":true,"href":"http:\/\/www.tenis-krka.org\/index.php?rest_route=%2Fwp%2Fv2%2Fcomments&post=2953"}],"version-history":[{"count":1,"href":"http:\/\/www.tenis-krka.org\/index.php?rest_route=\/wp\/v2\/posts\/2953\/revisions"}],"predecessor-version":[{"id":2955,"href":"http:\/\/www.tenis-krka.org\/index.php?rest_route=\/wp\/v2\/posts\/2953\/revisions\/2955"}],"wp:attachment":[{"href":"http:\/\/www.tenis-krka.org\/index.php?rest_route=%2Fwp%2Fv2%2Fmedia&parent=2953"}],"wp:term":[{"taxonomy":"category","embeddable":true,"href":"http:\/\/www.tenis-krka.org\/index.php?rest_route=%2Fwp%2Fv2%2Fcategories&post=2953"},{"taxonomy":"post_tag","embeddable":true,"href":"http:\/\/www.tenis-krka.org\/index.php?rest_route=%2Fwp%2Fv2%2Ftags&post=2953"}],"curies":[{"name":"wp","href":"https:\/\/api.w.org\/{rel}","templated":true}]}}