{"id":2931,"date":"2015-02-26T09:22:58","date_gmt":"2015-02-26T07:22:58","guid":{"rendered":"http:\/\/www.tenis-krka.org\/?p=2931"},"modified":"2019-05-27T15:15:58","modified_gmt":"2019-05-27T13:15:58","slug":"ziva-po-hudem-boju-nov-naslov-tennis-europe-zurich-2015","status":"publish","type":"post","link":"http:\/\/www.tenis-krka.org\/?p=2931","title":{"rendered":"\u017dIVA PO HUDEM BOJU NOV NASLOV TENNIS EUROPE, ZURICH 2015"},"content":{"rendered":"<p><a href=\"http:\/\/www.tenis-krka.org\/wp-content\/uploads\/2015\/02\/ZIVA-dvojice-Svica.jpg\"><img loading=\"lazy\" decoding=\"async\" class=\"alignleft size-medium wp-image-2932\" src=\"http:\/\/www.tenis-krka.org\/wp-content\/uploads\/2015\/02\/ZIVA-dvojice-Svica-169x300.jpg\" alt=\"ZIVA dvojice Svica\" width=\"169\" height=\"300\" srcset=\"http:\/\/www.tenis-krka.org\/wp-content\/uploads\/2015\/02\/ZIVA-dvojice-Svica-169x300.jpg 169w, http:\/\/www.tenis-krka.org\/wp-content\/uploads\/2015\/02\/ZIVA-dvojice-Svica-576x1024.jpg 576w, http:\/\/www.tenis-krka.org\/wp-content\/uploads\/2015\/02\/ZIVA-dvojice-Svica.jpg 720w\" sizes=\"auto, (max-width: 169px) 100vw, 169px\" \/><\/a>\u017dIVA FALKNER\u00a0je osvojila nov Tennis Europe naslov v konkurenci dvojic na turnirju 2.ranga v \u0160vici.<br \/>\nTudi posamezno se je odli\u010dno odrezala, saj se je prebila do \u010detrtfinala!!<\/p>\n<p>Nika Zupan\u010di\u010d je uspe\u0161no nastopala na ITF turnerju v Nem\u010diji, kjer je\u00a0morala priznati premo\u010d tekmice\u00a0\u0161ele v polfinalu dvojic.<\/p>\n<h3>Bravo!!!<\/h3>\n","protected":false},"excerpt":{"rendered":"<p>\u017dIVA FALKNER\u00a0je osvojila nov Tennis Europe naslov v konkurenci dvojic na turnirju 2.ranga v \u0160vici. Tudi posamezno se je odli\u010dno odrezala, saj se je prebila do \u010detrtfinala!! Nika Zupan\u010di\u010d je uspe\u0161no nastopala na ITF turnerju v Nem\u010diji, kjer je\u00a0morala priznati premo\u010d tekmice\u00a0\u0161ele v polfinalu dvojic. Bravo!!!<\/p>\n","protected":false},"author":1,"featured_media":0,"comment_status":"closed","ping_status":"open","sticky":false,"template":"","format":"standard","meta":{"ngg_post_thumbnail":0,"footnotes":""},"categories":[6,5],"tags":[],"class_list":["post-2931","post","type-post","status-publish","format-standard","hentry","category-rezult","category-tekm"],"aioseo_notices":[],"_links":{"self":[{"href":"http:\/\/www.tenis-krka.org\/index.php?rest_route=\/wp\/v2\/posts\/2931","targetHints":{"allow":["GET"]}}],"collection":[{"href":"http:\/\/www.tenis-krka.org\/index.php?rest_route=\/wp\/v2\/posts"}],"about":[{"href":"http:\/\/www.tenis-krka.org\/index.php?rest_route=\/wp\/v2\/types\/post"}],"author":[{"embeddable":true,"href":"http:\/\/www.tenis-krka.org\/index.php?rest_route=\/wp\/v2\/users\/1"}],"replies":[{"embeddable":true,"href":"http:\/\/www.tenis-krka.org\/index.php?rest_route=%2Fwp%2Fv2%2Fcomments&post=2931"}],"version-history":[{"count":1,"href":"http:\/\/www.tenis-krka.org\/index.php?rest_route=\/wp\/v2\/posts\/2931\/revisions"}],"predecessor-version":[{"id":2933,"href":"http:\/\/www.tenis-krka.org\/index.php?rest_route=\/wp\/v2\/posts\/2931\/revisions\/2933"}],"wp:attachment":[{"href":"http:\/\/www.tenis-krka.org\/index.php?rest_route=%2Fwp%2Fv2%2Fmedia&parent=2931"}],"wp:term":[{"taxonomy":"category","embeddable":true,"href":"http:\/\/www.tenis-krka.org\/index.php?rest_route=%2Fwp%2Fv2%2Fcategories&post=2931"},{"taxonomy":"post_tag","embeddable":true,"href":"http:\/\/www.tenis-krka.org\/index.php?rest_route=%2Fwp%2Fv2%2Ftags&post=2931"}],"curies":[{"name":"wp","href":"https:\/\/api.w.org\/{rel}","templated":true}]}}