{"id":2892,"date":"2015-01-04T12:57:34","date_gmt":"2015-01-04T10:57:34","guid":{"rendered":"http:\/\/www.tenis-krka.org\/?p=2892"},"modified":"2019-05-27T15:15:58","modified_gmt":"2019-05-27T13:15:58","slug":"teniski-klub-krka-otocec-organizira-drzavno-prvenstvo-v-tenisu-do-16-let","status":"publish","type":"post","link":"http:\/\/www.tenis-krka.org\/?p=2892","title":{"rendered":"Oto\u010dec &#8211;  DP do 16 let \u2013 doma\u010da igralka Nika Zupan\u010di\u010d   dr\u017eavna prvakinja v konkurenci dvojic in 3. mesto posamezno!!!"},"content":{"rendered":"<p><a href=\"http:\/\/www.tenis-krka.org\/wp-content\/uploads\/2015\/01\/DP-16-2015-dvojice.jpg\"><img loading=\"lazy\" decoding=\"async\" class=\" alignright\" src=\"http:\/\/www.tenis-krka.org\/wp-content\/uploads\/2015\/01\/DP-16-2015-dvojice-300x168.jpg\" alt=\"DP 16 2015 dvojice\" width=\"300\" height=\"168\" \/><\/a>V konkurenci dvojic sta <span style=\"text-decoration: underline;\"><strong>zmagovalki in dr\u017eavni prvakinji \u00a0Veronika ERJAVEC in Nika ZUPAN\u010cI\u010c<\/strong><\/span>\u00a0z zmago nad igralkami \u00a0Anja GAL in Kristina NOVAK.<\/p>\n<p>Veronika\u00a0ERJAVEC\u00a0je v polfinalu po izgubljenem prvem nizu dobila naslednja dva in\u00a0Tino CVETKOVI\u010c \u00a0(Radov) premagala s 4-6 6-3 7-5. Sre\u010danje je dobila po odvzemu servisa nasprotnici pri izidu 5-5 v tretjem nizu.<\/p>\n<p>Tudi druga finalistka\u00a0Lara PROSENJAK\u00a0(\u017dtkMb) je za zmago nad nepostavljeno doma\u010dinko\u00a0Niko ZUPAN\u010cI\u010c\u00a0(Oto\u010de) potrebovala tri nize. Nika je odli\u010dno za\u010dela in dobila prvi niz s 6-1, nato pa je Lara zaigrala bolj zanesljivo in naslednja dva niza dobila s 6-3 in 6-3 ter se zaslu\u017eeno uvrstila v finale.<\/p>\n<p>Dr\u017eavna prvakinja do 16 let je Veronika Erjavec.\u00a0Dr\u017eavni prvak do 16 let pa je An\u017ee Arh.<\/p>\n<p>&nbsp;<\/p>\n","protected":false},"excerpt":{"rendered":"<p>V konkurenci dvojic sta zmagovalki in dr\u017eavni prvakinji \u00a0Veronika ERJAVEC in Nika ZUPAN\u010cI\u010c\u00a0z zmago nad igralkami \u00a0Anja GAL in Kristina NOVAK. Veronika\u00a0ERJAVEC\u00a0je v polfinalu po izgubljenem prvem nizu dobila naslednja dva in\u00a0Tino CVETKOVI\u010c \u00a0(Radov) premagala s 4-6 6-3 7-5. Sre\u010danje je dobila po odvzemu servisa nasprotnici pri izidu 5-5 v tretjem nizu. Tudi druga finalistka\u00a0Lara [&hellip;]<\/p>\n","protected":false},"author":1,"featured_media":0,"comment_status":"closed","ping_status":"open","sticky":false,"template":"","format":"standard","meta":{"ngg_post_thumbnail":0,"footnotes":""},"categories":[20,6,5],"tags":[],"class_list":["post-2892","post","type-post","status-publish","format-standard","hentry","category-turnirji","category-rezult","category-tekm"],"aioseo_notices":[],"_links":{"self":[{"href":"http:\/\/www.tenis-krka.org\/index.php?rest_route=\/wp\/v2\/posts\/2892","targetHints":{"allow":["GET"]}}],"collection":[{"href":"http:\/\/www.tenis-krka.org\/index.php?rest_route=\/wp\/v2\/posts"}],"about":[{"href":"http:\/\/www.tenis-krka.org\/index.php?rest_route=\/wp\/v2\/types\/post"}],"author":[{"embeddable":true,"href":"http:\/\/www.tenis-krka.org\/index.php?rest_route=\/wp\/v2\/users\/1"}],"replies":[{"embeddable":true,"href":"http:\/\/www.tenis-krka.org\/index.php?rest_route=%2Fwp%2Fv2%2Fcomments&post=2892"}],"version-history":[{"count":7,"href":"http:\/\/www.tenis-krka.org\/index.php?rest_route=\/wp\/v2\/posts\/2892\/revisions"}],"predecessor-version":[{"id":2923,"href":"http:\/\/www.tenis-krka.org\/index.php?rest_route=\/wp\/v2\/posts\/2892\/revisions\/2923"}],"wp:attachment":[{"href":"http:\/\/www.tenis-krka.org\/index.php?rest_route=%2Fwp%2Fv2%2Fmedia&parent=2892"}],"wp:term":[{"taxonomy":"category","embeddable":true,"href":"http:\/\/www.tenis-krka.org\/index.php?rest_route=%2Fwp%2Fv2%2Fcategories&post=2892"},{"taxonomy":"post_tag","embeddable":true,"href":"http:\/\/www.tenis-krka.org\/index.php?rest_route=%2Fwp%2Fv2%2Ftags&post=2892"}],"curies":[{"name":"wp","href":"https:\/\/api.w.org\/{rel}","templated":true}]}}