{"id":2868,"date":"2014-12-12T12:30:51","date_gmt":"2014-12-12T10:30:51","guid":{"rendered":"http:\/\/www.tenis-krka.org\/?p=2868"},"modified":"2019-05-27T15:15:58","modified_gmt":"2019-05-27T13:15:58","slug":"sijajna-nika-zupancic-na-itf-zagreb-5-12-2014","status":"publish","type":"post","link":"http:\/\/www.tenis-krka.org\/?p=2868","title":{"rendered":"SIJAJNA NIKA ZUPAN\u010cI\u010c na ITF Zagreb (5.12.2014)"},"content":{"rendered":"<p><strong><a href=\"http:\/\/www.tenis-krka.org\/wp-content\/uploads\/2014\/12\/Veronika-Gordan-Nika.jpg\"><img loading=\"lazy\" decoding=\"async\" class=\"alignleft size-medium wp-image-2869\" src=\"http:\/\/www.tenis-krka.org\/wp-content\/uploads\/2014\/12\/Veronika-Gordan-Nika-225x300.jpg\" alt=\"Veronika, Gordan Nika\" width=\"225\" height=\"300\" srcset=\"http:\/\/www.tenis-krka.org\/wp-content\/uploads\/2014\/12\/Veronika-Gordan-Nika-225x300.jpg 225w, http:\/\/www.tenis-krka.org\/wp-content\/uploads\/2014\/12\/Veronika-Gordan-Nika.jpg 720w\" sizes=\"auto, (max-width: 225px) 100vw, 225px\" \/><\/a>Nika Zupan\u010di\u010d je v dvojicah<\/strong> (z Veroniko Erjavec)<strong> osvojila ITF \u00a0turnir<\/strong> (juniors).<\/p>\n<p>Tudi posamezno je bila odli\u010dna in pri\u0161la do \u010detrtfinala.<\/p>\n<p>&nbsp;<\/p>\n<h2><span style=\"color: #ff0000\">Bravo Nika !!!!<\/span><\/h2>\n","protected":false},"excerpt":{"rendered":"<p>Nika Zupan\u010di\u010d je v dvojicah (z Veroniko Erjavec) osvojila ITF \u00a0turnir (juniors). Tudi posamezno je bila odli\u010dna in pri\u0161la do \u010detrtfinala. &nbsp; Bravo Nika !!!!<\/p>\n","protected":false},"author":1,"featured_media":0,"comment_status":"closed","ping_status":"open","sticky":false,"template":"","format":"standard","meta":{"ngg_post_thumbnail":0,"footnotes":""},"categories":[4,6],"tags":[],"class_list":["post-2868","post","type-post","status-publish","format-standard","hentry","category-dog","category-rezult"],"aioseo_notices":[],"_links":{"self":[{"href":"http:\/\/www.tenis-krka.org\/index.php?rest_route=\/wp\/v2\/posts\/2868","targetHints":{"allow":["GET"]}}],"collection":[{"href":"http:\/\/www.tenis-krka.org\/index.php?rest_route=\/wp\/v2\/posts"}],"about":[{"href":"http:\/\/www.tenis-krka.org\/index.php?rest_route=\/wp\/v2\/types\/post"}],"author":[{"embeddable":true,"href":"http:\/\/www.tenis-krka.org\/index.php?rest_route=\/wp\/v2\/users\/1"}],"replies":[{"embeddable":true,"href":"http:\/\/www.tenis-krka.org\/index.php?rest_route=%2Fwp%2Fv2%2Fcomments&post=2868"}],"version-history":[{"count":2,"href":"http:\/\/www.tenis-krka.org\/index.php?rest_route=\/wp\/v2\/posts\/2868\/revisions"}],"predecessor-version":[{"id":2871,"href":"http:\/\/www.tenis-krka.org\/index.php?rest_route=\/wp\/v2\/posts\/2868\/revisions\/2871"}],"wp:attachment":[{"href":"http:\/\/www.tenis-krka.org\/index.php?rest_route=%2Fwp%2Fv2%2Fmedia&parent=2868"}],"wp:term":[{"taxonomy":"category","embeddable":true,"href":"http:\/\/www.tenis-krka.org\/index.php?rest_route=%2Fwp%2Fv2%2Fcategories&post=2868"},{"taxonomy":"post_tag","embeddable":true,"href":"http:\/\/www.tenis-krka.org\/index.php?rest_route=%2Fwp%2Fv2%2Ftags&post=2868"}],"curies":[{"name":"wp","href":"https:\/\/api.w.org\/{rel}","templated":true}]}}