{"id":2843,"date":"2014-10-27T09:29:47","date_gmt":"2014-10-27T07:29:47","guid":{"rendered":"http:\/\/www.tenis-krka.org\/?p=2843"},"modified":"2019-05-27T15:15:58","modified_gmt":"2019-05-27T13:15:58","slug":"veterani-tk-krka-otocec-odlicni-drugi-26-10-2014","status":"publish","type":"post","link":"http:\/\/www.tenis-krka.org\/?p=2843","title":{"rendered":"Veterani TK Krka Oto\u010dec ODLI\u010cNI drugi (26.10.2014)"},"content":{"rendered":"<p><a href=\"http:\/\/www.tenis-krka.org\/wp-content\/uploads\/2014\/10\/veterani-TK-KRKA-OTO\u010cEC.jpg\"><img loading=\"lazy\" decoding=\"async\" class=\"alignleft size-full wp-image-2844\" src=\"http:\/\/www.tenis-krka.org\/wp-content\/uploads\/2014\/10\/veterani-TK-KRKA-OTO\u010cEC.jpg\" alt=\"veterani TK KRKA OTO\u010cEC\" width=\"607\" height=\"377\" srcset=\"http:\/\/www.tenis-krka.org\/wp-content\/uploads\/2014\/10\/veterani-TK-KRKA-OTO\u010cEC.jpg 607w, http:\/\/www.tenis-krka.org\/wp-content\/uploads\/2014\/10\/veterani-TK-KRKA-OTO\u010cEC-300x186.jpg 300w\" sizes=\"auto, (max-width: 607px) 100vw, 607px\" \/><\/a>Po v\u010deraj\u0161njih polfinalnih tekmah play offa leto\u0161nje veteranske teni\u0161ke lige, v katerih je v Mariboru ekipa TK Krka Oto\u010dec s 6-3 premagala ekipo doma\u010dega \u017dTK Maribor, v Velenju pa so doma\u010dini z 8-1 premagali ekipo ljubljanskega Slovana, se je danes na Oto\u010dcu odigralo \u0161e zadnje dejanje, finalni obra\u010dun.<\/p>\n<p>Za naslov sta se tako pomerili tretja in \u010detrto uvr\u0161\u010dena ekipa rednega dela, TK Krka Oto\u010dec in \u0160TK Velenje.<\/p>\n<p>Na Oto\u010dcu so bili bolj\u0161i gostje iz Velenja, ki so po tekmah posameznikov povedli s 4-2, nato pa za kon\u010dno slavje zmagali \u0161e prvo tekmo dvojic in povedli z neulovljivih 5-2.<\/p>\n<p>&nbsp;<\/p>\n<p>TK Krka Oto\u010dec drugi v Sloveniji.<\/p>\n<p>\u010cESTITAMO<\/p>\n","protected":false},"excerpt":{"rendered":"<p>Po v\u010deraj\u0161njih polfinalnih tekmah play offa leto\u0161nje veteranske teni\u0161ke lige, v katerih je v Mariboru ekipa TK Krka Oto\u010dec s 6-3 premagala ekipo doma\u010dega \u017dTK Maribor, v Velenju pa so doma\u010dini z 8-1 premagali ekipo ljubljanskega Slovana, se je danes na Oto\u010dcu odigralo \u0161e zadnje dejanje, finalni obra\u010dun. Za naslov sta se tako pomerili tretja [&hellip;]<\/p>\n","protected":false},"author":1,"featured_media":0,"comment_status":"closed","ping_status":"open","sticky":false,"template":"","format":"standard","meta":{"ngg_post_thumbnail":0,"footnotes":""},"categories":[4,6],"tags":[],"class_list":["post-2843","post","type-post","status-publish","format-standard","hentry","category-dog","category-rezult"],"aioseo_notices":[],"_links":{"self":[{"href":"http:\/\/www.tenis-krka.org\/index.php?rest_route=\/wp\/v2\/posts\/2843","targetHints":{"allow":["GET"]}}],"collection":[{"href":"http:\/\/www.tenis-krka.org\/index.php?rest_route=\/wp\/v2\/posts"}],"about":[{"href":"http:\/\/www.tenis-krka.org\/index.php?rest_route=\/wp\/v2\/types\/post"}],"author":[{"embeddable":true,"href":"http:\/\/www.tenis-krka.org\/index.php?rest_route=\/wp\/v2\/users\/1"}],"replies":[{"embeddable":true,"href":"http:\/\/www.tenis-krka.org\/index.php?rest_route=%2Fwp%2Fv2%2Fcomments&post=2843"}],"version-history":[{"count":1,"href":"http:\/\/www.tenis-krka.org\/index.php?rest_route=\/wp\/v2\/posts\/2843\/revisions"}],"predecessor-version":[{"id":2845,"href":"http:\/\/www.tenis-krka.org\/index.php?rest_route=\/wp\/v2\/posts\/2843\/revisions\/2845"}],"wp:attachment":[{"href":"http:\/\/www.tenis-krka.org\/index.php?rest_route=%2Fwp%2Fv2%2Fmedia&parent=2843"}],"wp:term":[{"taxonomy":"category","embeddable":true,"href":"http:\/\/www.tenis-krka.org\/index.php?rest_route=%2Fwp%2Fv2%2Fcategories&post=2843"},{"taxonomy":"post_tag","embeddable":true,"href":"http:\/\/www.tenis-krka.org\/index.php?rest_route=%2Fwp%2Fv2%2Ftags&post=2843"}],"curies":[{"name":"wp","href":"https:\/\/api.w.org\/{rel}","templated":true}]}}