{"id":2770,"date":"2014-08-26T12:34:53","date_gmt":"2014-08-26T10:34:53","guid":{"rendered":"http:\/\/www.tenis-krka.org\/?p=2770"},"modified":"2019-05-27T15:15:59","modified_gmt":"2019-05-27T13:15:59","slug":"zivi-falkner-dvojni-naslov","status":"publish","type":"post","link":"http:\/\/www.tenis-krka.org\/?p=2770","title":{"rendered":"\u017dIVI FALKNER DVOJNI NASLOV"},"content":{"rendered":"<p><span style=\"color: #222222\"><a href=\"http:\/\/www.tenis-krka.org\/wp-content\/uploads\/2014\/08\/Ziva-Ptuj-TE-12-dvojna.jpg\"><img loading=\"lazy\" decoding=\"async\" class=\"alignleft size-medium wp-image-2771\" src=\"http:\/\/www.tenis-krka.org\/wp-content\/uploads\/2014\/08\/Ziva-Ptuj-TE-12-dvojna-225x300.jpg\" alt=\"Ziva Ptuj TE 12 dvojna\" width=\"225\" height=\"300\" srcset=\"http:\/\/www.tenis-krka.org\/wp-content\/uploads\/2014\/08\/Ziva-Ptuj-TE-12-dvojna-225x300.jpg 225w, http:\/\/www.tenis-krka.org\/wp-content\/uploads\/2014\/08\/Ziva-Ptuj-TE-12-dvojna.jpg 480w\" sizes=\"auto, (max-width: 225px) 100vw, 225px\" \/><\/a>Na Ptuju se je kon\u010dal turnir Tennis Europe do 12 let.<\/span><br style=\"color: #222222\" \/><br style=\"color: #222222\" \/><span style=\"color: #222222\">Pri deklicah ga je odli\u010dno odigrala \u017diva FALKNER &#8211; \u010dlanica tk krka Oto\u010dec,<\/span><br style=\"color: #222222\" \/><span style=\"color: #222222\">2. igralka lestvice TZS do 12 let in dr\u017eavna reprezentantka v tej<\/span><br style=\"color: #222222\" \/><span style=\"color: #222222\">kategoriji, ki je suvereno premagala vse nasprotnice in brez izgubljenega<\/span><br style=\"color: #222222\" \/><span style=\"color: #222222\">niza in z najve\u010d petimi izgubljenimi igrami v enem sre\u010danju osvojila turnir.<\/span><br style=\"color: #222222\" \/><br style=\"color: #222222\" \/><br style=\"color: #222222\" \/><span style=\"color: #222222\">V finalu je s 6-3 6-2 opravila Slovakinjo Romano CISOVSKO.<\/span><br style=\"color: #222222\" \/><br style=\"color: #222222\" \/><span style=\"color: #222222\">V konkurenci dvojic sta v slovenskem obra\u010dunu slavili \u017diva FALKNER in Pia<\/span><br style=\"color: #222222\" \/><span style=\"color: #222222\">LOVRI\u010c, ki sta v finalu s 6-3 6-2 premagali Aljo BELINGER in Tja\u0161o KLEVI\u0160AR.<\/span><\/p>\n<p>\u010cESTITAMO<\/p>\n","protected":false},"excerpt":{"rendered":"<p>Na Ptuju se je kon\u010dal turnir Tennis Europe do 12 let.Pri deklicah ga je odli\u010dno odigrala \u017diva FALKNER &#8211; \u010dlanica tk krka Oto\u010dec,2. igralka lestvice TZS do 12 let in dr\u017eavna reprezentantka v tejkategoriji, ki je suvereno premagala vse nasprotnice in brez izgubljeneganiza in z najve\u010d petimi izgubljenimi igrami v enem sre\u010danju osvojila turnir.V finalu [&hellip;]<\/p>\n","protected":false},"author":1,"featured_media":0,"comment_status":"closed","ping_status":"open","sticky":false,"template":"","format":"standard","meta":{"ngg_post_thumbnail":0,"footnotes":""},"categories":[6],"tags":[],"class_list":["post-2770","post","type-post","status-publish","format-standard","hentry","category-rezult"],"aioseo_notices":[],"_links":{"self":[{"href":"http:\/\/www.tenis-krka.org\/index.php?rest_route=\/wp\/v2\/posts\/2770","targetHints":{"allow":["GET"]}}],"collection":[{"href":"http:\/\/www.tenis-krka.org\/index.php?rest_route=\/wp\/v2\/posts"}],"about":[{"href":"http:\/\/www.tenis-krka.org\/index.php?rest_route=\/wp\/v2\/types\/post"}],"author":[{"embeddable":true,"href":"http:\/\/www.tenis-krka.org\/index.php?rest_route=\/wp\/v2\/users\/1"}],"replies":[{"embeddable":true,"href":"http:\/\/www.tenis-krka.org\/index.php?rest_route=%2Fwp%2Fv2%2Fcomments&post=2770"}],"version-history":[{"count":1,"href":"http:\/\/www.tenis-krka.org\/index.php?rest_route=\/wp\/v2\/posts\/2770\/revisions"}],"predecessor-version":[{"id":2772,"href":"http:\/\/www.tenis-krka.org\/index.php?rest_route=\/wp\/v2\/posts\/2770\/revisions\/2772"}],"wp:attachment":[{"href":"http:\/\/www.tenis-krka.org\/index.php?rest_route=%2Fwp%2Fv2%2Fmedia&parent=2770"}],"wp:term":[{"taxonomy":"category","embeddable":true,"href":"http:\/\/www.tenis-krka.org\/index.php?rest_route=%2Fwp%2Fv2%2Fcategories&post=2770"},{"taxonomy":"post_tag","embeddable":true,"href":"http:\/\/www.tenis-krka.org\/index.php?rest_route=%2Fwp%2Fv2%2Ftags&post=2770"}],"curies":[{"name":"wp","href":"https:\/\/api.w.org\/{rel}","templated":true}]}}