{"id":2766,"date":"2014-07-17T13:59:31","date_gmt":"2014-07-17T11:59:31","guid":{"rendered":"http:\/\/www.tenis-krka.org\/?p=2766"},"modified":"2019-05-27T15:15:59","modified_gmt":"2019-05-27T13:15:59","slug":"tk-krka-otocec-mednarodni-teniski-turnir-te-14-krka-cup-2014","status":"publish","type":"post","link":"http:\/\/www.tenis-krka.org\/?p=2766","title":{"rendered":"Tk Krka Oto\u010dec &#8211; mednarodni teni\u0161ki turnir TE 14 &#8211; &#8221; Krka cup 2014 &#8220;"},"content":{"rendered":"<p><span style=\"color: #222222\"><a href=\"http:\/\/www.tenis-krka.org\/wp-content\/uploads\/2014\/07\/TE-Eorope-Otocec-do-14.jpg\"><img loading=\"lazy\" decoding=\"async\" class=\"alignleft size-medium wp-image-2767\" src=\"http:\/\/www.tenis-krka.org\/wp-content\/uploads\/2014\/07\/TE-Eorope-Otocec-do-14-211x300.jpg\" alt=\"TE Eorope Otocec do 14\" width=\"211\" height=\"300\" srcset=\"http:\/\/www.tenis-krka.org\/wp-content\/uploads\/2014\/07\/TE-Eorope-Otocec-do-14-211x300.jpg 211w, http:\/\/www.tenis-krka.org\/wp-content\/uploads\/2014\/07\/TE-Eorope-Otocec-do-14.jpg 396w\" sizes=\"auto, (max-width: 211px) 100vw, 211px\" \/><\/a>Turnir predstavlja lepo prilo\u017enost za na\u0161e mlade perspektivne igralke in<\/span><br style=\"color: #222222\" \/><span style=\"color: #222222\">igralce, da si obogatijo ali da osvojijo \u00a0to\u010dke za evropsko lestvico. Na<\/span><br style=\"color: #222222\" \/><span style=\"color: #222222\">turnirju bo nastopila ve\u010dina na\u0161ih najbolj\u0161ih mladih igralk in igralcev.<\/span><br style=\"color: #222222\" \/><br style=\"color: #222222\" \/><span style=\"color: #222222\">Prilo\u017enost bodo izkoristili tudi doma\u010di igralci Teni\u0161kega kluba KRKA Oto\u010dec.<\/span><br style=\"color: #222222\" \/><br style=\"color: #222222\" \/><br style=\"color: #222222\" \/><br style=\"color: #222222\" \/><span style=\"color: #222222\">V kvalifikacijah sta izgubila Andra\u017e Re\u0161eti\u010d in Tim Rangus, ki sta se zelo<\/span><br style=\"color: #222222\" \/><span style=\"color: #222222\">borila in pokazala veliko \u017eeljo in borbenost za vsako to\u010dko in igro, ter s<\/span><br style=\"color: #222222\" \/><span style=\"color: #222222\">tem pridobila nove tekmovalne \u00a0izku\u0161nje.<\/span><br style=\"color: #222222\" \/><br style=\"color: #222222\" \/><span style=\"color: #222222\">V glavnem turnirju sta igrala Tamara Tepav\u010devi\u010d in \u00a0Viktor Mijatovi\u010d, ki sta<\/span><br style=\"color: #222222\" \/><span style=\"color: #222222\">dobila premo\u010dne soigralce, a s tem tudi izku\u0161nje ob dobri igri in njunem<\/span><br style=\"color: #222222\" \/><span style=\"color: #222222\">pozitivnem pristopu, a \u017eal poraz.<\/span><br style=\"color: #222222\" \/><br style=\"color: #222222\" \/><span style=\"color: #222222\">\u017diva FALKNER je bila na\u0161a najbolj\u0161a,\u00a0<\/span><span style=\"color: #222222\">uspe\u0161no nastopa v igri posamezno in se je kot najmlaj\u0161a na tem turnirju<\/span><br style=\"color: #222222\" \/><span style=\"color: #222222\">prebila v 2. Krog tekmovanja z zmago nad igralko Rusinjo \u00a0Reyneke Janna z<\/span><br style=\"color: #222222\" \/><span style=\"color: #222222\">rezultatom 61 64. \u00a0 \u00a0 \u00a0 V \u00a02. Krogu jo \u010daka Hrvatica \u0160ipek Lana.<\/span><br style=\"color: #222222\" \/><br style=\"color: #222222\" \/><span style=\"color: #222222\">Z doma\u010do igralko Anjo Belinger za\u010denjata z igro tudi v konkurenci dvojic.<\/span><br style=\"color: #222222\" \/><br style=\"color: #222222\" \/><span style=\"color: #222222\">Vabljeni na ogled tekem&#8230;<\/span><\/p>\n","protected":false},"excerpt":{"rendered":"<p>Turnir predstavlja lepo prilo\u017enost za na\u0161e mlade perspektivne igralke inigralce, da si obogatijo ali da osvojijo \u00a0to\u010dke za evropsko lestvico. Naturnirju bo nastopila ve\u010dina na\u0161ih najbolj\u0161ih mladih igralk in igralcev.Prilo\u017enost bodo izkoristili tudi doma\u010di igralci Teni\u0161kega kluba KRKA Oto\u010dec.V kvalifikacijah sta izgubila Andra\u017e Re\u0161eti\u010d in Tim Rangus, ki sta se zeloborila in pokazala veliko \u017eeljo [&hellip;]<\/p>\n","protected":false},"author":1,"featured_media":0,"comment_status":"closed","ping_status":"open","sticky":false,"template":"","format":"standard","meta":{"ngg_post_thumbnail":0,"footnotes":""},"categories":[4,20,6],"tags":[],"class_list":["post-2766","post","type-post","status-publish","format-standard","hentry","category-dog","category-turnirji","category-rezult"],"aioseo_notices":[],"_links":{"self":[{"href":"http:\/\/www.tenis-krka.org\/index.php?rest_route=\/wp\/v2\/posts\/2766","targetHints":{"allow":["GET"]}}],"collection":[{"href":"http:\/\/www.tenis-krka.org\/index.php?rest_route=\/wp\/v2\/posts"}],"about":[{"href":"http:\/\/www.tenis-krka.org\/index.php?rest_route=\/wp\/v2\/types\/post"}],"author":[{"embeddable":true,"href":"http:\/\/www.tenis-krka.org\/index.php?rest_route=\/wp\/v2\/users\/1"}],"replies":[{"embeddable":true,"href":"http:\/\/www.tenis-krka.org\/index.php?rest_route=%2Fwp%2Fv2%2Fcomments&post=2766"}],"version-history":[{"count":1,"href":"http:\/\/www.tenis-krka.org\/index.php?rest_route=\/wp\/v2\/posts\/2766\/revisions"}],"predecessor-version":[{"id":2768,"href":"http:\/\/www.tenis-krka.org\/index.php?rest_route=\/wp\/v2\/posts\/2766\/revisions\/2768"}],"wp:attachment":[{"href":"http:\/\/www.tenis-krka.org\/index.php?rest_route=%2Fwp%2Fv2%2Fmedia&parent=2766"}],"wp:term":[{"taxonomy":"category","embeddable":true,"href":"http:\/\/www.tenis-krka.org\/index.php?rest_route=%2Fwp%2Fv2%2Fcategories&post=2766"},{"taxonomy":"post_tag","embeddable":true,"href":"http:\/\/www.tenis-krka.org\/index.php?rest_route=%2Fwp%2Fv2%2Ftags&post=2766"}],"curies":[{"name":"wp","href":"https:\/\/api.w.org\/{rel}","templated":true}]}}